{"id":97,"date":"2026-09-02T07:58:22","date_gmt":"2026-09-02T07:58:22","guid":{"rendered":"https:\/\/dokreis.com\/?p=97"},"modified":"2026-09-02T13:19:56","modified_gmt":"2026-09-02T13:19:56","slug":"de-linsouciance-au-mepris-les-funerailles-des-47-kenscovites-massacres-2","status":"publish","type":"post","link":"https:\/\/dokreis.com\/index.php\/2026\/09\/02\/de-linsouciance-au-mepris-les-funerailles-des-47-kenscovites-massacres-2\/","title":{"rendered":"De l&#8217;insouciance au m\u00e9pris: les fun\u00e9railles des 47 Kenscovites massacr\u00e9s"},"content":{"rendered":"\n<p class=\"wp-block-paragraph\">Pour certaines familles, l&#8217;organisation des fun\u00e9railles de proches parents, massacr\u00e9s \u00e0 Kenscoff, dans la nuit du 23 au 24 ao\u00fbt dernier, reste incertaine. Raison: ces familles, aux conditions de vie vuln\u00e9rables ne b\u00e9n\u00e9ficient de l&#8217;aide de personne; pas m\u00eame de celle du gouvernement.<br>Selon des observateurs avis\u00e9s, la prise en charge des enterrements revenait obligatoirement \u00e0 l&#8217;Administration FILS-AIM\u00c9.<br>Mais, contre toute attente, le pouvoir central n&#8217;a adopt\u00e9 aucune mesure, en termes d&#8217;accompagnement des familles \u00e9plor\u00e9es.<br>Devant ce constat, les fun\u00e9railles de nombreux Kenscovites assassin\u00e9s l\u00e2chement lors de cette nuit d&#8217;enfer, ont eu lieu, gr\u00e2ce aux efforts personnels de proches.<\/p>\n\n\n\n<figure class=\"wp-block-image size-large\"><img width=\"430\" height=\"465\"  alt=\"\" class=\"wp-image-96\"\/ loading=\"eager\" fetchpriority=\"high\" decoding=\"async\" src=\"https:\/\/dokreis.com\/wp-content\/uploads\/2026\/09\/img-20260902-wa0002975926032331502406.jpg\" srcset=\"https:\/\/dokreis.com\/wp-content\/uploads\/2026\/09\/img-20260902-wa0002975926032331502406.jpg 430w, https:\/\/dokreis.com\/wp-content\/uploads\/2026\/09\/img-20260902-wa0002975926032331502406-277x300.jpg 277w\" sizes=\"(max-width: 430px) 100vw, 430px\" \/><\/figure>\n\n\n\n<p class=\"wp-block-paragraph\">D&#8217;aucuns disent observer, \u00e0 travers le traitement attribu\u00e9 \u00e0 ce dossier, l&#8217;incivilit\u00e9 et l&#8217;in\u00e9l\u00e9gance quasi totales que FILS-AIM\u00c9 et sa bande affichent.<br \/>Un comportement qui rel\u00e8ve du m\u00e9pris pur et simple, poursuivent les m\u00eames critiques.<br \/>Entre-temps, les familles en difficult\u00e9 susmentionn\u00e9es, d\u00e9sesp\u00e9r\u00e9es et loin de parvenir au bout de leur peine, font la ronde des m\u00e9dias pour solliciter ou implorer la compassion de &#8220;bons samaritains&#8221;. Cela, en vue de tenir des fun\u00e9railles, et rendre, \u00e0 ce moment l\u00e0, un dernier hommage m\u00e9rit\u00e9 \u00e0 une vie pr\u00e9cise ou plusieurs \u00e0 la fois que la coalition &#8220;Viv Ansanm&#8221; a ravie(s); pour des raisons, jusqu&#8217;ici connues, peut-\u00eatre d&#8217;elle seule?<\/p>\n\n\n\n<p class=\"wp-block-paragraph\">Evens NELSON<\/p>\n\n\n\n<p class=\"wp-block-paragraph\"><\/p>\n","protected":false},"excerpt":{"rendered":"<p>Pour certaines familles, l&#8217;organisation des fun\u00e9railles de proches parents, massacr\u00e9s \u00e0 Kenscoff, dans la nuit du 23 au 24 ao\u00fbt dernier, reste incertaine. Raison: ces familles, aux conditions de vie vuln\u00e9rables ne b\u00e9n\u00e9ficient de l&#8217;aide de personne; pas m\u00eame de celle du gouvernement.Selon des observateurs avis\u00e9s, la prise en charge des enterrements revenait obligatoirement \u00e0<\/p>\n","protected":false},"author":1,"featured_media":94,"comment_status":"open","ping_status":"open","sticky":false,"template":"","format":"standard","meta":{"_acf_changed":false,"_jetpack_newsletter_access":"","_jetpack_dont_email_post_to_subs":false,"_jetpack_newsletter_tier_id":0,"_jetpack_memberships_contains_paywalled_content":false,"_jetpack_feature_clip_id":0,"_jetpack_memberships_contains_paid_content":false,"footnotes":"","jetpack_publicize_message":"","jetpack_publicize_feature_enabled":true,"jetpack_social_post_already_shared":true,"jetpack_social_options":{"image_generator_settings":{"template":"highway","default_image_id":0,"font":"","enabled":false},"version":2},"jetpack_post_was_ever_published":false},"categories":[3,11,1],"tags":[],"class_list":["post-97","post","type-post","status-publish","format-standard","has-post-thumbnail","hentry","category-actualites","category-societe","category-uncategorized"],"acf":[],"yoast_head":"<!-- This site is optimized with the Yoast SEO plugin v28.4 - https:\/\/yoast.com\/product\/yoast-seo-wordpress\/ -->\n<title>De l&#039;insouciance au m\u00e9pris: les fun\u00e9railles des 47 Kenscovites massacr\u00e9s -<\/title>\n<meta name=\"robots\" content=\"index, follow, max-snippet:-1, max-image-preview:large, max-video-preview:-1\" \/>\n<link rel=\"canonical\" href=\"https:\/\/dokreis.com\/index.php\/2026\/09\/02\/de-linsouciance-au-mepris-les-funerailles-des-47-kenscovites-massacres-2\/\" \/>\n<meta property=\"og:locale\" content=\"en_US\" \/>\n<meta property=\"og:type\" content=\"article\" \/>\n<meta property=\"og:title\" content=\"De l&#039;insouciance au m\u00e9pris: les fun\u00e9railles des 47 Kenscovites massacr\u00e9s -\" \/>\n<meta property=\"og:description\" content=\"Pour certaines familles, l&#8217;organisation des fun\u00e9railles de proches parents, massacr\u00e9s \u00e0 Kenscoff, dans la nuit du 23 au 24 ao\u00fbt dernier, reste incertaine. Raison: ces familles, aux conditions de vie vuln\u00e9rables ne b\u00e9n\u00e9ficient de l&#8217;aide de personne; pas m\u00eame de celle du gouvernement.Selon des observateurs avis\u00e9s, la prise en charge des enterrements revenait obligatoirement \u00e0\" \/>\n<meta property=\"og:url\" content=\"https:\/\/dokreis.com\/index.php\/2026\/09\/02\/de-linsouciance-au-mepris-les-funerailles-des-47-kenscovites-massacres-2\/\" \/>\n<meta property=\"article:published_time\" content=\"2026-09-02T07:58:22+00:00\" \/>\n<meta property=\"article:modified_time\" content=\"2026-09-02T13:19:56+00:00\" \/>\n<meta property=\"og:image\" content=\"https:\/\/dokreis.com\/wp-content\/uploads\/2026\/09\/IMG-20260901-WA0365-3.jpg\" \/>\n\t<meta property=\"og:image:width\" content=\"225\" \/>\n\t<meta property=\"og:image:height\" content=\"216\" \/>\n\t<meta property=\"og:image:type\" content=\"image\/jpeg\" \/>\n<meta name=\"author\" content=\"admin\" \/>\n<meta name=\"twitter:card\" content=\"summary_large_image\" \/>\n<meta name=\"twitter:label1\" content=\"Written by\" \/>\n\t<meta name=\"twitter:data1\" content=\"admin\" \/>\n\t<meta name=\"twitter:label2\" content=\"Est. reading time\" \/>\n\t<meta name=\"twitter:data2\" content=\"1 minute\" \/>\n<script type=\"application\/ld+json\" class=\"yoast-schema-graph\">{\"@context\":\"https:\\\/\\\/schema.org\",\"@graph\":[{\"@type\":\"Article\",\"@id\":\"https:\\\/\\\/dokreis.com\\\/index.php\\\/2026\\\/09\\\/02\\\/de-linsouciance-au-mepris-les-funerailles-des-47-kenscovites-massacres-2\\\/#article\",\"isPartOf\":{\"@id\":\"https:\\\/\\\/dokreis.com\\\/index.php\\\/2026\\\/09\\\/02\\\/de-linsouciance-au-mepris-les-funerailles-des-47-kenscovites-massacres-2\\\/\"},\"author\":{\"name\":\"admin\",\"@id\":\"https:\\\/\\\/dokreis.com\\\/#\\\/schema\\\/person\\\/a36453d4f9d7882557ee4e1102935807\"},\"headline\":\"De l&#8217;insouciance au m\u00e9pris: les fun\u00e9railles des 47 Kenscovites massacr\u00e9s\",\"datePublished\":\"2026-09-02T07:58:22+00:00\",\"dateModified\":\"2026-09-02T13:19:56+00:00\",\"mainEntityOfPage\":{\"@id\":\"https:\\\/\\\/dokreis.com\\\/index.php\\\/2026\\\/09\\\/02\\\/de-linsouciance-au-mepris-les-funerailles-des-47-kenscovites-massacres-2\\\/\"},\"wordCount\":250,\"commentCount\":0,\"image\":{\"@id\":\"https:\\\/\\\/dokreis.com\\\/index.php\\\/2026\\\/09\\\/02\\\/de-linsouciance-au-mepris-les-funerailles-des-47-kenscovites-massacres-2\\\/#primaryimage\"},\"thumbnailUrl\":\"https:\\\/\\\/dokreis.com\\\/wp-content\\\/uploads\\\/2026\\\/09\\\/IMG-20260901-WA0365-3.jpg\",\"articleSection\":[\"Actualit\u00e9s\",\"Soci\u00e9t\u00e9\"],\"inLanguage\":\"en-US\",\"potentialAction\":[{\"@type\":\"CommentAction\",\"name\":\"Comment\",\"target\":[\"https:\\\/\\\/dokreis.com\\\/index.php\\\/2026\\\/09\\\/02\\\/de-linsouciance-au-mepris-les-funerailles-des-47-kenscovites-massacres-2\\\/#respond\"]}]},{\"@type\":\"WebPage\",\"@id\":\"https:\\\/\\\/dokreis.com\\\/index.php\\\/2026\\\/09\\\/02\\\/de-linsouciance-au-mepris-les-funerailles-des-47-kenscovites-massacres-2\\\/\",\"url\":\"https:\\\/\\\/dokreis.com\\\/index.php\\\/2026\\\/09\\\/02\\\/de-linsouciance-au-mepris-les-funerailles-des-47-kenscovites-massacres-2\\\/\",\"name\":\"De l'insouciance au m\u00e9pris: les fun\u00e9railles des 47 Kenscovites massacr\u00e9s -\",\"isPartOf\":{\"@id\":\"https:\\\/\\\/dokreis.com\\\/#website\"},\"primaryImageOfPage\":{\"@id\":\"https:\\\/\\\/dokreis.com\\\/index.php\\\/2026\\\/09\\\/02\\\/de-linsouciance-au-mepris-les-funerailles-des-47-kenscovites-massacres-2\\\/#primaryimage\"},\"image\":{\"@id\":\"https:\\\/\\\/dokreis.com\\\/index.php\\\/2026\\\/09\\\/02\\\/de-linsouciance-au-mepris-les-funerailles-des-47-kenscovites-massacres-2\\\/#primaryimage\"},\"thumbnailUrl\":\"https:\\\/\\\/dokreis.com\\\/wp-content\\\/uploads\\\/2026\\\/09\\\/IMG-20260901-WA0365-3.jpg\",\"datePublished\":\"2026-09-02T07:58:22+00:00\",\"dateModified\":\"2026-09-02T13:19:56+00:00\",\"author\":{\"@id\":\"https:\\\/\\\/dokreis.com\\\/#\\\/schema\\\/person\\\/a36453d4f9d7882557ee4e1102935807\"},\"breadcrumb\":{\"@id\":\"https:\\\/\\\/dokreis.com\\\/index.php\\\/2026\\\/09\\\/02\\\/de-linsouciance-au-mepris-les-funerailles-des-47-kenscovites-massacres-2\\\/#breadcrumb\"},\"inLanguage\":\"en-US\",\"potentialAction\":[{\"@type\":\"ReadAction\",\"target\":[\"https:\\\/\\\/dokreis.com\\\/index.php\\\/2026\\\/09\\\/02\\\/de-linsouciance-au-mepris-les-funerailles-des-47-kenscovites-massacres-2\\\/\"]}]},{\"@type\":\"ImageObject\",\"inLanguage\":\"en-US\",\"@id\":\"https:\\\/\\\/dokreis.com\\\/index.php\\\/2026\\\/09\\\/02\\\/de-linsouciance-au-mepris-les-funerailles-des-47-kenscovites-massacres-2\\\/#primaryimage\",\"url\":\"https:\\\/\\\/dokreis.com\\\/wp-content\\\/uploads\\\/2026\\\/09\\\/IMG-20260901-WA0365-3.jpg\",\"contentUrl\":\"https:\\\/\\\/dokreis.com\\\/wp-content\\\/uploads\\\/2026\\\/09\\\/IMG-20260901-WA0365-3.jpg\",\"width\":225,\"height\":216},{\"@type\":\"BreadcrumbList\",\"@id\":\"https:\\\/\\\/dokreis.com\\\/index.php\\\/2026\\\/09\\\/02\\\/de-linsouciance-au-mepris-les-funerailles-des-47-kenscovites-massacres-2\\\/#breadcrumb\",\"itemListElement\":[{\"@type\":\"ListItem\",\"position\":1,\"name\":\"Home\",\"item\":\"https:\\\/\\\/dokreis.com\\\/\"},{\"@type\":\"ListItem\",\"position\":2,\"name\":\"De l&#8217;insouciance au m\u00e9pris: les fun\u00e9railles des 47 Kenscovites massacr\u00e9s\"}]},{\"@type\":\"WebSite\",\"@id\":\"https:\\\/\\\/dokreis.com\\\/#website\",\"url\":\"https:\\\/\\\/dokreis.com\\\/\",\"name\":\"\",\"description\":\"\",\"potentialAction\":[{\"@type\":\"SearchAction\",\"target\":{\"@type\":\"EntryPoint\",\"urlTemplate\":\"https:\\\/\\\/dokreis.com\\\/?s={search_term_string}\"},\"query-input\":{\"@type\":\"PropertyValueSpecification\",\"valueRequired\":true,\"valueName\":\"search_term_string\"}}],\"inLanguage\":\"en-US\"},{\"@type\":\"Person\",\"@id\":\"https:\\\/\\\/dokreis.com\\\/#\\\/schema\\\/person\\\/a36453d4f9d7882557ee4e1102935807\",\"name\":\"admin\",\"image\":{\"@type\":\"ImageObject\",\"inLanguage\":\"en-US\",\"@id\":\"https:\\\/\\\/secure.gravatar.com\\\/avatar\\\/a6a2e15c16aa0e4722917f31a38747f5c49b45fd66aafa1dc1cf7f609abeaa58?s=96&d=mm&r=g\",\"url\":\"https:\\\/\\\/secure.gravatar.com\\\/avatar\\\/a6a2e15c16aa0e4722917f31a38747f5c49b45fd66aafa1dc1cf7f609abeaa58?s=96&d=mm&r=g\",\"contentUrl\":\"https:\\\/\\\/secure.gravatar.com\\\/avatar\\\/a6a2e15c16aa0e4722917f31a38747f5c49b45fd66aafa1dc1cf7f609abeaa58?s=96&d=mm&r=g\",\"caption\":\"admin\"},\"sameAs\":[\"https:\\\/\\\/dokreis.com\"],\"url\":\"https:\\\/\\\/dokreis.com\\\/index.php\\\/author\\\/admin\\\/\"}]}<\/script>\n<!-- \/ Yoast SEO plugin. -->","yoast_head_json":{"title":"De l'insouciance au m\u00e9pris: les fun\u00e9railles des 47 Kenscovites massacr\u00e9s -","robots":{"index":"index","follow":"follow","max-snippet":"max-snippet:-1","max-image-preview":"max-image-preview:large","max-video-preview":"max-video-preview:-1"},"canonical":"https:\/\/dokreis.com\/index.php\/2026\/09\/02\/de-linsouciance-au-mepris-les-funerailles-des-47-kenscovites-massacres-2\/","og_locale":"en_US","og_type":"article","og_title":"De l'insouciance au m\u00e9pris: les fun\u00e9railles des 47 Kenscovites massacr\u00e9s -","og_description":"Pour certaines familles, l&#8217;organisation des fun\u00e9railles de proches parents, massacr\u00e9s \u00e0 Kenscoff, dans la nuit du 23 au 24 ao\u00fbt dernier, reste incertaine. Raison: ces familles, aux conditions de vie vuln\u00e9rables ne b\u00e9n\u00e9ficient de l&#8217;aide de personne; pas m\u00eame de celle du gouvernement.Selon des observateurs avis\u00e9s, la prise en charge des enterrements revenait obligatoirement \u00e0","og_url":"https:\/\/dokreis.com\/index.php\/2026\/09\/02\/de-linsouciance-au-mepris-les-funerailles-des-47-kenscovites-massacres-2\/","article_published_time":"2026-09-02T07:58:22+00:00","article_modified_time":"2026-09-02T13:19:56+00:00","og_image":[{"width":225,"height":216,"url":"https:\/\/dokreis.com\/wp-content\/uploads\/2026\/09\/IMG-20260901-WA0365-3.jpg","type":"image\/jpeg"}],"author":"admin","twitter_card":"summary_large_image","twitter_misc":{"Written by":"admin","Est. reading time":"1 minute"},"schema":{"@context":"https:\/\/schema.org","@graph":[{"@type":"Article","@id":"https:\/\/dokreis.com\/index.php\/2026\/09\/02\/de-linsouciance-au-mepris-les-funerailles-des-47-kenscovites-massacres-2\/#article","isPartOf":{"@id":"https:\/\/dokreis.com\/index.php\/2026\/09\/02\/de-linsouciance-au-mepris-les-funerailles-des-47-kenscovites-massacres-2\/"},"author":{"name":"admin","@id":"https:\/\/dokreis.com\/#\/schema\/person\/a36453d4f9d7882557ee4e1102935807"},"headline":"De l&#8217;insouciance au m\u00e9pris: les fun\u00e9railles des 47 Kenscovites massacr\u00e9s","datePublished":"2026-09-02T07:58:22+00:00","dateModified":"2026-09-02T13:19:56+00:00","mainEntityOfPage":{"@id":"https:\/\/dokreis.com\/index.php\/2026\/09\/02\/de-linsouciance-au-mepris-les-funerailles-des-47-kenscovites-massacres-2\/"},"wordCount":250,"commentCount":0,"image":{"@id":"https:\/\/dokreis.com\/index.php\/2026\/09\/02\/de-linsouciance-au-mepris-les-funerailles-des-47-kenscovites-massacres-2\/#primaryimage"},"thumbnailUrl":"https:\/\/dokreis.com\/wp-content\/uploads\/2026\/09\/IMG-20260901-WA0365-3.jpg","articleSection":["Actualit\u00e9s","Soci\u00e9t\u00e9"],"inLanguage":"en-US","potentialAction":[{"@type":"CommentAction","name":"Comment","target":["https:\/\/dokreis.com\/index.php\/2026\/09\/02\/de-linsouciance-au-mepris-les-funerailles-des-47-kenscovites-massacres-2\/#respond"]}]},{"@type":"WebPage","@id":"https:\/\/dokreis.com\/index.php\/2026\/09\/02\/de-linsouciance-au-mepris-les-funerailles-des-47-kenscovites-massacres-2\/","url":"https:\/\/dokreis.com\/index.php\/2026\/09\/02\/de-linsouciance-au-mepris-les-funerailles-des-47-kenscovites-massacres-2\/","name":"De l'insouciance au m\u00e9pris: les fun\u00e9railles des 47 Kenscovites massacr\u00e9s -","isPartOf":{"@id":"https:\/\/dokreis.com\/#website"},"primaryImageOfPage":{"@id":"https:\/\/dokreis.com\/index.php\/2026\/09\/02\/de-linsouciance-au-mepris-les-funerailles-des-47-kenscovites-massacres-2\/#primaryimage"},"image":{"@id":"https:\/\/dokreis.com\/index.php\/2026\/09\/02\/de-linsouciance-au-mepris-les-funerailles-des-47-kenscovites-massacres-2\/#primaryimage"},"thumbnailUrl":"https:\/\/dokreis.com\/wp-content\/uploads\/2026\/09\/IMG-20260901-WA0365-3.jpg","datePublished":"2026-09-02T07:58:22+00:00","dateModified":"2026-09-02T13:19:56+00:00","author":{"@id":"https:\/\/dokreis.com\/#\/schema\/person\/a36453d4f9d7882557ee4e1102935807"},"breadcrumb":{"@id":"https:\/\/dokreis.com\/index.php\/2026\/09\/02\/de-linsouciance-au-mepris-les-funerailles-des-47-kenscovites-massacres-2\/#breadcrumb"},"inLanguage":"en-US","potentialAction":[{"@type":"ReadAction","target":["https:\/\/dokreis.com\/index.php\/2026\/09\/02\/de-linsouciance-au-mepris-les-funerailles-des-47-kenscovites-massacres-2\/"]}]},{"@type":"ImageObject","inLanguage":"en-US","@id":"https:\/\/dokreis.com\/index.php\/2026\/09\/02\/de-linsouciance-au-mepris-les-funerailles-des-47-kenscovites-massacres-2\/#primaryimage","url":"https:\/\/dokreis.com\/wp-content\/uploads\/2026\/09\/IMG-20260901-WA0365-3.jpg","contentUrl":"https:\/\/dokreis.com\/wp-content\/uploads\/2026\/09\/IMG-20260901-WA0365-3.jpg","width":225,"height":216},{"@type":"BreadcrumbList","@id":"https:\/\/dokreis.com\/index.php\/2026\/09\/02\/de-linsouciance-au-mepris-les-funerailles-des-47-kenscovites-massacres-2\/#breadcrumb","itemListElement":[{"@type":"ListItem","position":1,"name":"Home","item":"https:\/\/dokreis.com\/"},{"@type":"ListItem","position":2,"name":"De l&#8217;insouciance au m\u00e9pris: les fun\u00e9railles des 47 Kenscovites massacr\u00e9s"}]},{"@type":"WebSite","@id":"https:\/\/dokreis.com\/#website","url":"https:\/\/dokreis.com\/","name":"","description":"","potentialAction":[{"@type":"SearchAction","target":{"@type":"EntryPoint","urlTemplate":"https:\/\/dokreis.com\/?s={search_term_string}"},"query-input":{"@type":"PropertyValueSpecification","valueRequired":true,"valueName":"search_term_string"}}],"inLanguage":"en-US"},{"@type":"Person","@id":"https:\/\/dokreis.com\/#\/schema\/person\/a36453d4f9d7882557ee4e1102935807","name":"admin","image":{"@type":"ImageObject","inLanguage":"en-US","@id":"https:\/\/secure.gravatar.com\/avatar\/a6a2e15c16aa0e4722917f31a38747f5c49b45fd66aafa1dc1cf7f609abeaa58?s=96&d=mm&r=g","url":"https:\/\/secure.gravatar.com\/avatar\/a6a2e15c16aa0e4722917f31a38747f5c49b45fd66aafa1dc1cf7f609abeaa58?s=96&d=mm&r=g","contentUrl":"https:\/\/secure.gravatar.com\/avatar\/a6a2e15c16aa0e4722917f31a38747f5c49b45fd66aafa1dc1cf7f609abeaa58?s=96&d=mm&r=g","caption":"admin"},"sameAs":["https:\/\/dokreis.com"],"url":"https:\/\/dokreis.com\/index.php\/author\/admin\/"}]}},"jetpack_publicize_connections":[],"jetpack_featured_media_url":"https:\/\/dokreis.com\/wp-content\/uploads\/2026\/09\/IMG-20260901-WA0365-3.jpg","jetpack_sharing_enabled":true,"_links":{"self":[{"href":"https:\/\/dokreis.com\/index.php\/wp-json\/wp\/v2\/posts\/97","targetHints":{"allow":["GET"]}}],"collection":[{"href":"https:\/\/dokreis.com\/index.php\/wp-json\/wp\/v2\/posts"}],"about":[{"href":"https:\/\/dokreis.com\/index.php\/wp-json\/wp\/v2\/types\/post"}],"author":[{"embeddable":true,"href":"https:\/\/dokreis.com\/index.php\/wp-json\/wp\/v2\/users\/1"}],"replies":[{"embeddable":true,"href":"https:\/\/dokreis.com\/index.php\/wp-json\/wp\/v2\/comments?post=97"}],"version-history":[{"count":3,"href":"https:\/\/dokreis.com\/index.php\/wp-json\/wp\/v2\/posts\/97\/revisions"}],"predecessor-version":[{"id":102,"href":"https:\/\/dokreis.com\/index.php\/wp-json\/wp\/v2\/posts\/97\/revisions\/102"}],"wp:featuredmedia":[{"embeddable":true,"href":"https:\/\/dokreis.com\/index.php\/wp-json\/wp\/v2\/media\/94"}],"wp:attachment":[{"href":"https:\/\/dokreis.com\/index.php\/wp-json\/wp\/v2\/media?parent=97"}],"wp:term":[{"taxonomy":"category","embeddable":true,"href":"https:\/\/dokreis.com\/index.php\/wp-json\/wp\/v2\/categories?post=97"},{"taxonomy":"post_tag","embeddable":true,"href":"https:\/\/dokreis.com\/index.php\/wp-json\/wp\/v2\/tags?post=97"}],"curies":[{"name":"wp","href":"https:\/\/api.w.org\/{rel}","templated":true}]}}