{"id":73,"date":"2026-09-01T11:52:20","date_gmt":"2026-09-01T11:52:20","guid":{"rendered":"https:\/\/dokreis.com\/?p=73"},"modified":"2026-09-03T12:37:01","modified_gmt":"2026-09-03T12:37:01","slug":"violence-et-spoliation-fonciere-djina-g-delatour-plaide-pour-un-programme-etatique-daccompagnement-juridique-des-proprietaires-victimes","status":"publish","type":"post","link":"https:\/\/dokreis.com\/index.php\/2026\/09\/01\/violence-et-spoliation-fonciere-djina-g-delatour-plaide-pour-un-programme-etatique-daccompagnement-juridique-des-proprietaires-victimes\/","title":{"rendered":"Violence et spoliation fonci\u00e8re: Djina G. DELATOUR plaide pour un programme \u00e9tatique d&#8217;accompagnement juridique des propri\u00e9taires victimes"},"content":{"rendered":"\n<p class=\"wp-block-paragraph\">Dans les zones tomb\u00e9es sous le contr\u00f4le des gangs arm\u00e9s, les familles propri\u00e9taires chass\u00e9es avec une rare cruaut\u00e9 sont l\u00e9gion, note Djina Guillet DELATOUR.<br \/>Le silence de l&#8217;Etat qui perdure<br \/>autour de ces cas de spoliation fonci\u00e8re inspire, sans nul doute, l&#8217;Auteure de: \u00ab40 ans, au-del\u00e0 des limites, pour une cause\u00bb.<\/p>\n\n\n\n<figure class=\"wp-block-image size-large\"><img width=\"764\" height=\"728\"  alt=\"\" class=\"wp-image-76\"\/ loading=\"eager\" fetchpriority=\"high\" decoding=\"async\" src=\"https:\/\/dokreis.com\/wp-content\/uploads\/2026\/09\/djina_delatour4847047702566848035.jpg\" srcset=\"https:\/\/dokreis.com\/wp-content\/uploads\/2026\/09\/djina_delatour4847047702566848035.jpg 764w, https:\/\/dokreis.com\/wp-content\/uploads\/2026\/09\/djina_delatour4847047702566848035-300x286.jpg 300w\" sizes=\"(max-width: 764px) 100vw, 764px\" \/><\/figure>\n\n\n\n<p class=\"wp-block-paragraph\"><br \/>Par-del\u00e0 les mots, Djina Guillet DELATOUR d\u00e9cide de faire sienne, la cause des propri\u00e9taires victimes.<br \/>Dans ce contexte, l&#8217;Ecrivaine Humaniste appelle les propri\u00e9taires spoli\u00e9s \u00e0 se mettre ensemble. Cela, pour contraindre, via une action commune solide, les autorit\u00e9s de justice \u00e0 initier un programme \u00e9tatique d&#8217;accompagnement juridique sp\u00e9cifique.<\/p>\n\n\n\n<p class=\"wp-block-paragraph\"><br \/>D\u00e9j\u00e0, Djina Guillet DELATOUR se dit dispos\u00e9e \u00e0 \u00e9changer avec les concern\u00e9s.<\/p>\n\n\n\n<p class=\"wp-block-paragraph\"><\/p>\n","protected":false},"excerpt":{"rendered":"<p>Dans les zones tomb\u00e9es sous le contr\u00f4le des gangs arm\u00e9s, les familles propri\u00e9taires chass\u00e9es avec une rare cruaut\u00e9 sont l\u00e9gion, note Djina Guillet DELATOUR.Le silence de l&#8217;Etat qui perdureautour de ces cas de spoliation fonci\u00e8re inspire, sans nul doute, l&#8217;Auteure de: \u00ab40 ans, au-del\u00e0 des limites, pour une cause\u00bb. Par-del\u00e0 les mots, Djina Guillet DELATOUR<\/p>\n","protected":false},"author":1,"featured_media":75,"comment_status":"open","ping_status":"open","sticky":true,"template":"","format":"standard","meta":{"_acf_changed":false,"_jetpack_newsletter_access":"","_jetpack_dont_email_post_to_subs":false,"_jetpack_newsletter_tier_id":0,"_jetpack_memberships_contains_paywalled_content":false,"_jetpack_feature_clip_id":0,"_jetpack_memberships_contains_paid_content":false,"footnotes":"","jetpack_publicize_message":"","jetpack_publicize_feature_enabled":true,"jetpack_social_post_already_shared":true,"jetpack_social_options":{"image_generator_settings":{"template":"highway","default_image_id":0,"font":"","enabled":false},"version":2},"jetpack_post_was_ever_published":false},"categories":[1],"tags":[],"class_list":["post-73","post","type-post","status-publish","format-standard","has-post-thumbnail","hentry","category-uncategorized"],"acf":[],"yoast_head":"<!-- This site is optimized with the Yoast SEO plugin v28.4 - https:\/\/yoast.com\/product\/yoast-seo-wordpress\/ -->\n<title>Violence et spoliation fonci\u00e8re: Djina G. DELATOUR plaide pour un programme \u00e9tatique d&#039;accompagnement juridique des propri\u00e9taires victimes -<\/title>\n<meta name=\"robots\" content=\"index, follow, max-snippet:-1, max-image-preview:large, max-video-preview:-1\" \/>\n<link rel=\"canonical\" href=\"https:\/\/dokreis.com\/index.php\/2026\/09\/01\/violence-et-spoliation-fonciere-djina-g-delatour-plaide-pour-un-programme-etatique-daccompagnement-juridique-des-proprietaires-victimes\/\" \/>\n<meta property=\"og:locale\" content=\"en_US\" \/>\n<meta property=\"og:type\" content=\"article\" \/>\n<meta property=\"og:title\" content=\"Violence et spoliation fonci\u00e8re: Djina G. DELATOUR plaide pour un programme \u00e9tatique d&#039;accompagnement juridique des propri\u00e9taires victimes -\" \/>\n<meta property=\"og:description\" content=\"Dans les zones tomb\u00e9es sous le contr\u00f4le des gangs arm\u00e9s, les familles propri\u00e9taires chass\u00e9es avec une rare cruaut\u00e9 sont l\u00e9gion, note Djina Guillet DELATOUR.Le silence de l&#8217;Etat qui perdureautour de ces cas de spoliation fonci\u00e8re inspire, sans nul doute, l&#8217;Auteure de: \u00ab40 ans, au-del\u00e0 des limites, pour une cause\u00bb. Par-del\u00e0 les mots, Djina Guillet DELATOUR\" \/>\n<meta property=\"og:url\" content=\"https:\/\/dokreis.com\/index.php\/2026\/09\/01\/violence-et-spoliation-fonciere-djina-g-delatour-plaide-pour-un-programme-etatique-daccompagnement-juridique-des-proprietaires-victimes\/\" \/>\n<meta property=\"article:published_time\" content=\"2026-09-01T11:52:20+00:00\" \/>\n<meta property=\"article:modified_time\" content=\"2026-09-03T12:37:01+00:00\" \/>\n<meta property=\"og:image\" content=\"https:\/\/dokreis.com\/wp-content\/uploads\/2026\/09\/Djina_DELATOUR-1.jpg\" \/>\n\t<meta property=\"og:image:width\" content=\"764\" \/>\n\t<meta property=\"og:image:height\" content=\"728\" \/>\n\t<meta property=\"og:image:type\" content=\"image\/jpeg\" \/>\n<meta name=\"author\" content=\"admin\" \/>\n<meta name=\"twitter:card\" content=\"summary_large_image\" \/>\n<meta name=\"twitter:label1\" content=\"Written by\" \/>\n\t<meta name=\"twitter:data1\" content=\"admin\" \/>\n\t<meta name=\"twitter:label2\" content=\"Est. reading time\" \/>\n\t<meta name=\"twitter:data2\" content=\"1 minute\" \/>\n<script type=\"application\/ld+json\" class=\"yoast-schema-graph\">{\"@context\":\"https:\\\/\\\/schema.org\",\"@graph\":[{\"@type\":\"Article\",\"@id\":\"https:\\\/\\\/dokreis.com\\\/index.php\\\/2026\\\/09\\\/01\\\/violence-et-spoliation-fonciere-djina-g-delatour-plaide-pour-un-programme-etatique-daccompagnement-juridique-des-proprietaires-victimes\\\/#article\",\"isPartOf\":{\"@id\":\"https:\\\/\\\/dokreis.com\\\/index.php\\\/2026\\\/09\\\/01\\\/violence-et-spoliation-fonciere-djina-g-delatour-plaide-pour-un-programme-etatique-daccompagnement-juridique-des-proprietaires-victimes\\\/\"},\"author\":{\"name\":\"admin\",\"@id\":\"https:\\\/\\\/dokreis.com\\\/#\\\/schema\\\/person\\\/a36453d4f9d7882557ee4e1102935807\"},\"headline\":\"Violence et spoliation fonci\u00e8re: Djina G. DELATOUR plaide pour un programme \u00e9tatique d&#8217;accompagnement juridique des propri\u00e9taires victimes\",\"datePublished\":\"2026-09-01T11:52:20+00:00\",\"dateModified\":\"2026-09-03T12:37:01+00:00\",\"mainEntityOfPage\":{\"@id\":\"https:\\\/\\\/dokreis.com\\\/index.php\\\/2026\\\/09\\\/01\\\/violence-et-spoliation-fonciere-djina-g-delatour-plaide-pour-un-programme-etatique-daccompagnement-juridique-des-proprietaires-victimes\\\/\"},\"wordCount\":146,\"commentCount\":0,\"image\":{\"@id\":\"https:\\\/\\\/dokreis.com\\\/index.php\\\/2026\\\/09\\\/01\\\/violence-et-spoliation-fonciere-djina-g-delatour-plaide-pour-un-programme-etatique-daccompagnement-juridique-des-proprietaires-victimes\\\/#primaryimage\"},\"thumbnailUrl\":\"https:\\\/\\\/dokreis.com\\\/wp-content\\\/uploads\\\/2026\\\/09\\\/Djina_DELATOUR-1.jpg\",\"inLanguage\":\"en-US\",\"potentialAction\":[{\"@type\":\"CommentAction\",\"name\":\"Comment\",\"target\":[\"https:\\\/\\\/dokreis.com\\\/index.php\\\/2026\\\/09\\\/01\\\/violence-et-spoliation-fonciere-djina-g-delatour-plaide-pour-un-programme-etatique-daccompagnement-juridique-des-proprietaires-victimes\\\/#respond\"]}]},{\"@type\":\"WebPage\",\"@id\":\"https:\\\/\\\/dokreis.com\\\/index.php\\\/2026\\\/09\\\/01\\\/violence-et-spoliation-fonciere-djina-g-delatour-plaide-pour-un-programme-etatique-daccompagnement-juridique-des-proprietaires-victimes\\\/\",\"url\":\"https:\\\/\\\/dokreis.com\\\/index.php\\\/2026\\\/09\\\/01\\\/violence-et-spoliation-fonciere-djina-g-delatour-plaide-pour-un-programme-etatique-daccompagnement-juridique-des-proprietaires-victimes\\\/\",\"name\":\"Violence et spoliation fonci\u00e8re: Djina G. DELATOUR plaide pour un programme \u00e9tatique d'accompagnement juridique des propri\u00e9taires victimes -\",\"isPartOf\":{\"@id\":\"https:\\\/\\\/dokreis.com\\\/#website\"},\"primaryImageOfPage\":{\"@id\":\"https:\\\/\\\/dokreis.com\\\/index.php\\\/2026\\\/09\\\/01\\\/violence-et-spoliation-fonciere-djina-g-delatour-plaide-pour-un-programme-etatique-daccompagnement-juridique-des-proprietaires-victimes\\\/#primaryimage\"},\"image\":{\"@id\":\"https:\\\/\\\/dokreis.com\\\/index.php\\\/2026\\\/09\\\/01\\\/violence-et-spoliation-fonciere-djina-g-delatour-plaide-pour-un-programme-etatique-daccompagnement-juridique-des-proprietaires-victimes\\\/#primaryimage\"},\"thumbnailUrl\":\"https:\\\/\\\/dokreis.com\\\/wp-content\\\/uploads\\\/2026\\\/09\\\/Djina_DELATOUR-1.jpg\",\"datePublished\":\"2026-09-01T11:52:20+00:00\",\"dateModified\":\"2026-09-03T12:37:01+00:00\",\"author\":{\"@id\":\"https:\\\/\\\/dokreis.com\\\/#\\\/schema\\\/person\\\/a36453d4f9d7882557ee4e1102935807\"},\"breadcrumb\":{\"@id\":\"https:\\\/\\\/dokreis.com\\\/index.php\\\/2026\\\/09\\\/01\\\/violence-et-spoliation-fonciere-djina-g-delatour-plaide-pour-un-programme-etatique-daccompagnement-juridique-des-proprietaires-victimes\\\/#breadcrumb\"},\"inLanguage\":\"en-US\",\"potentialAction\":[{\"@type\":\"ReadAction\",\"target\":[\"https:\\\/\\\/dokreis.com\\\/index.php\\\/2026\\\/09\\\/01\\\/violence-et-spoliation-fonciere-djina-g-delatour-plaide-pour-un-programme-etatique-daccompagnement-juridique-des-proprietaires-victimes\\\/\"]}]},{\"@type\":\"ImageObject\",\"inLanguage\":\"en-US\",\"@id\":\"https:\\\/\\\/dokreis.com\\\/index.php\\\/2026\\\/09\\\/01\\\/violence-et-spoliation-fonciere-djina-g-delatour-plaide-pour-un-programme-etatique-daccompagnement-juridique-des-proprietaires-victimes\\\/#primaryimage\",\"url\":\"https:\\\/\\\/dokreis.com\\\/wp-content\\\/uploads\\\/2026\\\/09\\\/Djina_DELATOUR-1.jpg\",\"contentUrl\":\"https:\\\/\\\/dokreis.com\\\/wp-content\\\/uploads\\\/2026\\\/09\\\/Djina_DELATOUR-1.jpg\",\"width\":764,\"height\":728},{\"@type\":\"BreadcrumbList\",\"@id\":\"https:\\\/\\\/dokreis.com\\\/index.php\\\/2026\\\/09\\\/01\\\/violence-et-spoliation-fonciere-djina-g-delatour-plaide-pour-un-programme-etatique-daccompagnement-juridique-des-proprietaires-victimes\\\/#breadcrumb\",\"itemListElement\":[{\"@type\":\"ListItem\",\"position\":1,\"name\":\"Home\",\"item\":\"https:\\\/\\\/dokreis.com\\\/\"},{\"@type\":\"ListItem\",\"position\":2,\"name\":\"Violence et spoliation fonci\u00e8re: Djina G. DELATOUR plaide pour un programme \u00e9tatique d&#8217;accompagnement juridique des propri\u00e9taires victimes\"}]},{\"@type\":\"WebSite\",\"@id\":\"https:\\\/\\\/dokreis.com\\\/#website\",\"url\":\"https:\\\/\\\/dokreis.com\\\/\",\"name\":\"\",\"description\":\"\",\"potentialAction\":[{\"@type\":\"SearchAction\",\"target\":{\"@type\":\"EntryPoint\",\"urlTemplate\":\"https:\\\/\\\/dokreis.com\\\/?s={search_term_string}\"},\"query-input\":{\"@type\":\"PropertyValueSpecification\",\"valueRequired\":true,\"valueName\":\"search_term_string\"}}],\"inLanguage\":\"en-US\"},{\"@type\":\"Person\",\"@id\":\"https:\\\/\\\/dokreis.com\\\/#\\\/schema\\\/person\\\/a36453d4f9d7882557ee4e1102935807\",\"name\":\"admin\",\"image\":{\"@type\":\"ImageObject\",\"inLanguage\":\"en-US\",\"@id\":\"https:\\\/\\\/secure.gravatar.com\\\/avatar\\\/a6a2e15c16aa0e4722917f31a38747f5c49b45fd66aafa1dc1cf7f609abeaa58?s=96&d=mm&r=g\",\"url\":\"https:\\\/\\\/secure.gravatar.com\\\/avatar\\\/a6a2e15c16aa0e4722917f31a38747f5c49b45fd66aafa1dc1cf7f609abeaa58?s=96&d=mm&r=g\",\"contentUrl\":\"https:\\\/\\\/secure.gravatar.com\\\/avatar\\\/a6a2e15c16aa0e4722917f31a38747f5c49b45fd66aafa1dc1cf7f609abeaa58?s=96&d=mm&r=g\",\"caption\":\"admin\"},\"sameAs\":[\"https:\\\/\\\/dokreis.com\"],\"url\":\"https:\\\/\\\/dokreis.com\\\/index.php\\\/author\\\/admin\\\/\"}]}<\/script>\n<!-- \/ Yoast SEO plugin. -->","yoast_head_json":{"title":"Violence et spoliation fonci\u00e8re: Djina G. DELATOUR plaide pour un programme \u00e9tatique d'accompagnement juridique des propri\u00e9taires victimes -","robots":{"index":"index","follow":"follow","max-snippet":"max-snippet:-1","max-image-preview":"max-image-preview:large","max-video-preview":"max-video-preview:-1"},"canonical":"https:\/\/dokreis.com\/index.php\/2026\/09\/01\/violence-et-spoliation-fonciere-djina-g-delatour-plaide-pour-un-programme-etatique-daccompagnement-juridique-des-proprietaires-victimes\/","og_locale":"en_US","og_type":"article","og_title":"Violence et spoliation fonci\u00e8re: Djina G. DELATOUR plaide pour un programme \u00e9tatique d'accompagnement juridique des propri\u00e9taires victimes -","og_description":"Dans les zones tomb\u00e9es sous le contr\u00f4le des gangs arm\u00e9s, les familles propri\u00e9taires chass\u00e9es avec une rare cruaut\u00e9 sont l\u00e9gion, note Djina Guillet DELATOUR.Le silence de l&#8217;Etat qui perdureautour de ces cas de spoliation fonci\u00e8re inspire, sans nul doute, l&#8217;Auteure de: \u00ab40 ans, au-del\u00e0 des limites, pour une cause\u00bb. Par-del\u00e0 les mots, Djina Guillet DELATOUR","og_url":"https:\/\/dokreis.com\/index.php\/2026\/09\/01\/violence-et-spoliation-fonciere-djina-g-delatour-plaide-pour-un-programme-etatique-daccompagnement-juridique-des-proprietaires-victimes\/","article_published_time":"2026-09-01T11:52:20+00:00","article_modified_time":"2026-09-03T12:37:01+00:00","og_image":[{"width":764,"height":728,"url":"https:\/\/dokreis.com\/wp-content\/uploads\/2026\/09\/Djina_DELATOUR-1.jpg","type":"image\/jpeg"}],"author":"admin","twitter_card":"summary_large_image","twitter_misc":{"Written by":"admin","Est. reading time":"1 minute"},"schema":{"@context":"https:\/\/schema.org","@graph":[{"@type":"Article","@id":"https:\/\/dokreis.com\/index.php\/2026\/09\/01\/violence-et-spoliation-fonciere-djina-g-delatour-plaide-pour-un-programme-etatique-daccompagnement-juridique-des-proprietaires-victimes\/#article","isPartOf":{"@id":"https:\/\/dokreis.com\/index.php\/2026\/09\/01\/violence-et-spoliation-fonciere-djina-g-delatour-plaide-pour-un-programme-etatique-daccompagnement-juridique-des-proprietaires-victimes\/"},"author":{"name":"admin","@id":"https:\/\/dokreis.com\/#\/schema\/person\/a36453d4f9d7882557ee4e1102935807"},"headline":"Violence et spoliation fonci\u00e8re: Djina G. DELATOUR plaide pour un programme \u00e9tatique d&#8217;accompagnement juridique des propri\u00e9taires victimes","datePublished":"2026-09-01T11:52:20+00:00","dateModified":"2026-09-03T12:37:01+00:00","mainEntityOfPage":{"@id":"https:\/\/dokreis.com\/index.php\/2026\/09\/01\/violence-et-spoliation-fonciere-djina-g-delatour-plaide-pour-un-programme-etatique-daccompagnement-juridique-des-proprietaires-victimes\/"},"wordCount":146,"commentCount":0,"image":{"@id":"https:\/\/dokreis.com\/index.php\/2026\/09\/01\/violence-et-spoliation-fonciere-djina-g-delatour-plaide-pour-un-programme-etatique-daccompagnement-juridique-des-proprietaires-victimes\/#primaryimage"},"thumbnailUrl":"https:\/\/dokreis.com\/wp-content\/uploads\/2026\/09\/Djina_DELATOUR-1.jpg","inLanguage":"en-US","potentialAction":[{"@type":"CommentAction","name":"Comment","target":["https:\/\/dokreis.com\/index.php\/2026\/09\/01\/violence-et-spoliation-fonciere-djina-g-delatour-plaide-pour-un-programme-etatique-daccompagnement-juridique-des-proprietaires-victimes\/#respond"]}]},{"@type":"WebPage","@id":"https:\/\/dokreis.com\/index.php\/2026\/09\/01\/violence-et-spoliation-fonciere-djina-g-delatour-plaide-pour-un-programme-etatique-daccompagnement-juridique-des-proprietaires-victimes\/","url":"https:\/\/dokreis.com\/index.php\/2026\/09\/01\/violence-et-spoliation-fonciere-djina-g-delatour-plaide-pour-un-programme-etatique-daccompagnement-juridique-des-proprietaires-victimes\/","name":"Violence et spoliation fonci\u00e8re: Djina G. DELATOUR plaide pour un programme \u00e9tatique d'accompagnement juridique des propri\u00e9taires victimes -","isPartOf":{"@id":"https:\/\/dokreis.com\/#website"},"primaryImageOfPage":{"@id":"https:\/\/dokreis.com\/index.php\/2026\/09\/01\/violence-et-spoliation-fonciere-djina-g-delatour-plaide-pour-un-programme-etatique-daccompagnement-juridique-des-proprietaires-victimes\/#primaryimage"},"image":{"@id":"https:\/\/dokreis.com\/index.php\/2026\/09\/01\/violence-et-spoliation-fonciere-djina-g-delatour-plaide-pour-un-programme-etatique-daccompagnement-juridique-des-proprietaires-victimes\/#primaryimage"},"thumbnailUrl":"https:\/\/dokreis.com\/wp-content\/uploads\/2026\/09\/Djina_DELATOUR-1.jpg","datePublished":"2026-09-01T11:52:20+00:00","dateModified":"2026-09-03T12:37:01+00:00","author":{"@id":"https:\/\/dokreis.com\/#\/schema\/person\/a36453d4f9d7882557ee4e1102935807"},"breadcrumb":{"@id":"https:\/\/dokreis.com\/index.php\/2026\/09\/01\/violence-et-spoliation-fonciere-djina-g-delatour-plaide-pour-un-programme-etatique-daccompagnement-juridique-des-proprietaires-victimes\/#breadcrumb"},"inLanguage":"en-US","potentialAction":[{"@type":"ReadAction","target":["https:\/\/dokreis.com\/index.php\/2026\/09\/01\/violence-et-spoliation-fonciere-djina-g-delatour-plaide-pour-un-programme-etatique-daccompagnement-juridique-des-proprietaires-victimes\/"]}]},{"@type":"ImageObject","inLanguage":"en-US","@id":"https:\/\/dokreis.com\/index.php\/2026\/09\/01\/violence-et-spoliation-fonciere-djina-g-delatour-plaide-pour-un-programme-etatique-daccompagnement-juridique-des-proprietaires-victimes\/#primaryimage","url":"https:\/\/dokreis.com\/wp-content\/uploads\/2026\/09\/Djina_DELATOUR-1.jpg","contentUrl":"https:\/\/dokreis.com\/wp-content\/uploads\/2026\/09\/Djina_DELATOUR-1.jpg","width":764,"height":728},{"@type":"BreadcrumbList","@id":"https:\/\/dokreis.com\/index.php\/2026\/09\/01\/violence-et-spoliation-fonciere-djina-g-delatour-plaide-pour-un-programme-etatique-daccompagnement-juridique-des-proprietaires-victimes\/#breadcrumb","itemListElement":[{"@type":"ListItem","position":1,"name":"Home","item":"https:\/\/dokreis.com\/"},{"@type":"ListItem","position":2,"name":"Violence et spoliation fonci\u00e8re: Djina G. DELATOUR plaide pour un programme \u00e9tatique d&#8217;accompagnement juridique des propri\u00e9taires victimes"}]},{"@type":"WebSite","@id":"https:\/\/dokreis.com\/#website","url":"https:\/\/dokreis.com\/","name":"","description":"","potentialAction":[{"@type":"SearchAction","target":{"@type":"EntryPoint","urlTemplate":"https:\/\/dokreis.com\/?s={search_term_string}"},"query-input":{"@type":"PropertyValueSpecification","valueRequired":true,"valueName":"search_term_string"}}],"inLanguage":"en-US"},{"@type":"Person","@id":"https:\/\/dokreis.com\/#\/schema\/person\/a36453d4f9d7882557ee4e1102935807","name":"admin","image":{"@type":"ImageObject","inLanguage":"en-US","@id":"https:\/\/secure.gravatar.com\/avatar\/a6a2e15c16aa0e4722917f31a38747f5c49b45fd66aafa1dc1cf7f609abeaa58?s=96&d=mm&r=g","url":"https:\/\/secure.gravatar.com\/avatar\/a6a2e15c16aa0e4722917f31a38747f5c49b45fd66aafa1dc1cf7f609abeaa58?s=96&d=mm&r=g","contentUrl":"https:\/\/secure.gravatar.com\/avatar\/a6a2e15c16aa0e4722917f31a38747f5c49b45fd66aafa1dc1cf7f609abeaa58?s=96&d=mm&r=g","caption":"admin"},"sameAs":["https:\/\/dokreis.com"],"url":"https:\/\/dokreis.com\/index.php\/author\/admin\/"}]}},"jetpack_publicize_connections":[],"jetpack_featured_media_url":"https:\/\/dokreis.com\/wp-content\/uploads\/2026\/09\/Djina_DELATOUR-1.jpg","jetpack_sharing_enabled":true,"_links":{"self":[{"href":"https:\/\/dokreis.com\/index.php\/wp-json\/wp\/v2\/posts\/73","targetHints":{"allow":["GET"]}}],"collection":[{"href":"https:\/\/dokreis.com\/index.php\/wp-json\/wp\/v2\/posts"}],"about":[{"href":"https:\/\/dokreis.com\/index.php\/wp-json\/wp\/v2\/types\/post"}],"author":[{"embeddable":true,"href":"https:\/\/dokreis.com\/index.php\/wp-json\/wp\/v2\/users\/1"}],"replies":[{"embeddable":true,"href":"https:\/\/dokreis.com\/index.php\/wp-json\/wp\/v2\/comments?post=73"}],"version-history":[{"count":7,"href":"https:\/\/dokreis.com\/index.php\/wp-json\/wp\/v2\/posts\/73\/revisions"}],"predecessor-version":[{"id":104,"href":"https:\/\/dokreis.com\/index.php\/wp-json\/wp\/v2\/posts\/73\/revisions\/104"}],"wp:featuredmedia":[{"embeddable":true,"href":"https:\/\/dokreis.com\/index.php\/wp-json\/wp\/v2\/media\/75"}],"wp:attachment":[{"href":"https:\/\/dokreis.com\/index.php\/wp-json\/wp\/v2\/media?parent=73"}],"wp:term":[{"taxonomy":"category","embeddable":true,"href":"https:\/\/dokreis.com\/index.php\/wp-json\/wp\/v2\/categories?post=73"},{"taxonomy":"post_tag","embeddable":true,"href":"https:\/\/dokreis.com\/index.php\/wp-json\/wp\/v2\/tags?post=73"}],"curies":[{"name":"wp","href":"https:\/\/api.w.org\/{rel}","templated":true}]}}