{"id":35,"date":"2026-08-17T11:44:19","date_gmt":"2026-08-17T11:44:19","guid":{"rendered":"https:\/\/dokreis.com\/?p=35"},"modified":"2026-08-17T15:04:14","modified_gmt":"2026-08-17T15:04:14","slug":"une-mission-internationale-de-haut-rang-sejourne-en-haiti","status":"publish","type":"post","link":"https:\/\/dokreis.com\/index.php\/2026\/08\/17\/une-mission-internationale-de-haut-rang-sejourne-en-haiti\/","title":{"rendered":"Une mission internationale de haut rang s\u00e9journe en Ha\u00efti"},"content":{"rendered":"\n<p class=\"wp-block-paragraph\">C&#8217;est le Secr\u00e9taire G\u00e9n\u00e9ral de de l&#8217;Organisation des Etats Am\u00e9ricains (OEA), Albert R. RAMDIN qui conduit la mission, pr\u00e9sente sur le Sol Ha\u0129tien depuis, dimanche, 16 ao\u00fbt 2026. Elle boucle son s\u00e9jour de trois (3) jours mercredi 19 ao\u00fbt.<\/p>\n\n\n\n<p class=\"wp-block-paragraph\"><br \/>L&#8217;Extr\u00eame violence qui fait rage dans plusieurs r\u00e9gions du pays et les \u00e9lections figurent parmi les questions br\u00fblantes et utiles que cette mission, devra aborder avec les autorit\u00e9s ha\u00eftiennes et d&#8217;autres acteurs nationaux et internationaux.<br \/>Cette s\u00e9rie de consultations offrira l&#8217;opportunit\u00e9 aux \u00e9missaires d&#8217;\u00e9valuer les efforts de chaque acteur cl\u00e9, en termes d&#8217;am\u00e9lioration de la situation de crise, \u00e0 laquelle Ha\u0129ti est confront\u00e9, depuis d\u00e9j\u00e0 longtemps.<\/p>\n\n\n\n<figure class=\"wp-block-image size-large\"><img width=\"479\" height=\"516\"  alt=\"\" class=\"wp-image-34\"\/ loading=\"eager\" fetchpriority=\"high\" decoding=\"async\" src=\"https:\/\/dokreis.com\/wp-content\/uploads\/2026\/08\/image_editor_output_image1591525166-17869670409403832266257514726539.jpg\" srcset=\"https:\/\/dokreis.com\/wp-content\/uploads\/2026\/08\/image_editor_output_image1591525166-17869670409403832266257514726539.jpg 479w, https:\/\/dokreis.com\/wp-content\/uploads\/2026\/08\/image_editor_output_image1591525166-17869670409403832266257514726539-278x300.jpg 278w\" sizes=\"(max-width: 479px) 100vw, 479px\" \/><\/figure>\n\n\n\n<p class=\"wp-block-paragraph\"><br>La mission est constitu\u00e9e \u00e9galement de repr\u00e9sentants de l&#8217;ONU, de la CARICOM, de la Banque Mondiale et de la BID.<\/p>\n\n\n\n<pre class=\"wp-block-verse\"><\/pre>\n","protected":false},"excerpt":{"rendered":"<p>C&#8217;est le Secr\u00e9taire G\u00e9n\u00e9ral de de l&#8217;Organisation des Etats Am\u00e9ricains (OEA), Albert R. RAMDIN qui conduit la mission, pr\u00e9sente sur le Sol Ha\u0129tien depuis, dimanche, 16 ao\u00fbt 2026. Elle boucle son s\u00e9jour de trois (3) jours mercredi 19 ao\u00fbt. L&#8217;Extr\u00eame violence qui fait rage dans plusieurs r\u00e9gions du pays et les \u00e9lections figurent parmi les<\/p>\n","protected":false},"author":1,"featured_media":34,"comment_status":"open","ping_status":"open","sticky":false,"template":"","format":"standard","meta":{"_acf_changed":false,"_jetpack_newsletter_access":"","_jetpack_dont_email_post_to_subs":false,"_jetpack_newsletter_tier_id":0,"_jetpack_memberships_contains_paywalled_content":false,"_jetpack_feature_clip_id":0,"_jetpack_memberships_contains_paid_content":false,"footnotes":"","jetpack_publicize_message":"","jetpack_publicize_feature_enabled":true,"jetpack_social_post_already_shared":true,"jetpack_social_options":{"image_generator_settings":{"template":"highway","default_image_id":0,"font":"","enabled":false},"version":2},"jetpack_post_was_ever_published":false},"categories":[1],"tags":[],"class_list":["post-35","post","type-post","status-publish","format-standard","has-post-thumbnail","hentry","category-uncategorized"],"acf":[],"yoast_head":"<!-- This site is optimized with the Yoast SEO plugin v28.4 - https:\/\/yoast.com\/product\/yoast-seo-wordpress\/ -->\n<title>Une mission internationale de haut rang s\u00e9journe en Ha\u00efti -<\/title>\n<meta name=\"robots\" content=\"index, follow, max-snippet:-1, max-image-preview:large, max-video-preview:-1\" \/>\n<link rel=\"canonical\" href=\"https:\/\/dokreis.com\/index.php\/2026\/08\/17\/une-mission-internationale-de-haut-rang-sejourne-en-haiti\/\" \/>\n<meta property=\"og:locale\" content=\"en_US\" \/>\n<meta property=\"og:type\" content=\"article\" \/>\n<meta property=\"og:title\" content=\"Une mission internationale de haut rang s\u00e9journe en Ha\u00efti -\" \/>\n<meta property=\"og:description\" content=\"C&#8217;est le Secr\u00e9taire G\u00e9n\u00e9ral de de l&#8217;Organisation des Etats Am\u00e9ricains (OEA), Albert R. RAMDIN qui conduit la mission, pr\u00e9sente sur le Sol Ha\u0129tien depuis, dimanche, 16 ao\u00fbt 2026. Elle boucle son s\u00e9jour de trois (3) jours mercredi 19 ao\u00fbt. L&#8217;Extr\u00eame violence qui fait rage dans plusieurs r\u00e9gions du pays et les \u00e9lections figurent parmi les\" \/>\n<meta property=\"og:url\" content=\"https:\/\/dokreis.com\/index.php\/2026\/08\/17\/une-mission-internationale-de-haut-rang-sejourne-en-haiti\/\" \/>\n<meta property=\"article:published_time\" content=\"2026-08-17T11:44:19+00:00\" \/>\n<meta property=\"article:modified_time\" content=\"2026-08-17T15:04:14+00:00\" \/>\n<meta property=\"og:image\" content=\"https:\/\/dokreis.com\/wp-content\/uploads\/2026\/08\/image_editor_output_image1591525166-17869670409403832266257514726539.jpg\" \/>\n\t<meta property=\"og:image:width\" content=\"479\" \/>\n\t<meta property=\"og:image:height\" content=\"516\" \/>\n\t<meta property=\"og:image:type\" content=\"image\/jpeg\" \/>\n<meta name=\"author\" content=\"admin\" \/>\n<meta name=\"twitter:card\" content=\"summary_large_image\" \/>\n<meta name=\"twitter:label1\" content=\"Written by\" \/>\n\t<meta name=\"twitter:data1\" content=\"admin\" \/>\n\t<meta name=\"twitter:label2\" content=\"Est. reading time\" \/>\n\t<meta name=\"twitter:data2\" content=\"1 minute\" \/>\n<script type=\"application\/ld+json\" class=\"yoast-schema-graph\">{\"@context\":\"https:\\\/\\\/schema.org\",\"@graph\":[{\"@type\":\"Article\",\"@id\":\"https:\\\/\\\/dokreis.com\\\/index.php\\\/2026\\\/08\\\/17\\\/une-mission-internationale-de-haut-rang-sejourne-en-haiti\\\/#article\",\"isPartOf\":{\"@id\":\"https:\\\/\\\/dokreis.com\\\/index.php\\\/2026\\\/08\\\/17\\\/une-mission-internationale-de-haut-rang-sejourne-en-haiti\\\/\"},\"author\":{\"name\":\"admin\",\"@id\":\"https:\\\/\\\/dokreis.com\\\/#\\\/schema\\\/person\\\/a36453d4f9d7882557ee4e1102935807\"},\"headline\":\"Une mission internationale de haut rang s\u00e9journe en Ha\u00efti\",\"datePublished\":\"2026-08-17T11:44:19+00:00\",\"dateModified\":\"2026-08-17T15:04:14+00:00\",\"mainEntityOfPage\":{\"@id\":\"https:\\\/\\\/dokreis.com\\\/index.php\\\/2026\\\/08\\\/17\\\/une-mission-internationale-de-haut-rang-sejourne-en-haiti\\\/\"},\"wordCount\":159,\"commentCount\":0,\"image\":{\"@id\":\"https:\\\/\\\/dokreis.com\\\/index.php\\\/2026\\\/08\\\/17\\\/une-mission-internationale-de-haut-rang-sejourne-en-haiti\\\/#primaryimage\"},\"thumbnailUrl\":\"https:\\\/\\\/dokreis.com\\\/wp-content\\\/uploads\\\/2026\\\/08\\\/image_editor_output_image1591525166-17869670409403832266257514726539.jpg\",\"inLanguage\":\"en-US\",\"potentialAction\":[{\"@type\":\"CommentAction\",\"name\":\"Comment\",\"target\":[\"https:\\\/\\\/dokreis.com\\\/index.php\\\/2026\\\/08\\\/17\\\/une-mission-internationale-de-haut-rang-sejourne-en-haiti\\\/#respond\"]}]},{\"@type\":\"WebPage\",\"@id\":\"https:\\\/\\\/dokreis.com\\\/index.php\\\/2026\\\/08\\\/17\\\/une-mission-internationale-de-haut-rang-sejourne-en-haiti\\\/\",\"url\":\"https:\\\/\\\/dokreis.com\\\/index.php\\\/2026\\\/08\\\/17\\\/une-mission-internationale-de-haut-rang-sejourne-en-haiti\\\/\",\"name\":\"Une mission internationale de haut rang s\u00e9journe en Ha\u00efti -\",\"isPartOf\":{\"@id\":\"https:\\\/\\\/dokreis.com\\\/#website\"},\"primaryImageOfPage\":{\"@id\":\"https:\\\/\\\/dokreis.com\\\/index.php\\\/2026\\\/08\\\/17\\\/une-mission-internationale-de-haut-rang-sejourne-en-haiti\\\/#primaryimage\"},\"image\":{\"@id\":\"https:\\\/\\\/dokreis.com\\\/index.php\\\/2026\\\/08\\\/17\\\/une-mission-internationale-de-haut-rang-sejourne-en-haiti\\\/#primaryimage\"},\"thumbnailUrl\":\"https:\\\/\\\/dokreis.com\\\/wp-content\\\/uploads\\\/2026\\\/08\\\/image_editor_output_image1591525166-17869670409403832266257514726539.jpg\",\"datePublished\":\"2026-08-17T11:44:19+00:00\",\"dateModified\":\"2026-08-17T15:04:14+00:00\",\"author\":{\"@id\":\"https:\\\/\\\/dokreis.com\\\/#\\\/schema\\\/person\\\/a36453d4f9d7882557ee4e1102935807\"},\"breadcrumb\":{\"@id\":\"https:\\\/\\\/dokreis.com\\\/index.php\\\/2026\\\/08\\\/17\\\/une-mission-internationale-de-haut-rang-sejourne-en-haiti\\\/#breadcrumb\"},\"inLanguage\":\"en-US\",\"potentialAction\":[{\"@type\":\"ReadAction\",\"target\":[\"https:\\\/\\\/dokreis.com\\\/index.php\\\/2026\\\/08\\\/17\\\/une-mission-internationale-de-haut-rang-sejourne-en-haiti\\\/\"]}]},{\"@type\":\"ImageObject\",\"inLanguage\":\"en-US\",\"@id\":\"https:\\\/\\\/dokreis.com\\\/index.php\\\/2026\\\/08\\\/17\\\/une-mission-internationale-de-haut-rang-sejourne-en-haiti\\\/#primaryimage\",\"url\":\"https:\\\/\\\/dokreis.com\\\/wp-content\\\/uploads\\\/2026\\\/08\\\/image_editor_output_image1591525166-17869670409403832266257514726539.jpg\",\"contentUrl\":\"https:\\\/\\\/dokreis.com\\\/wp-content\\\/uploads\\\/2026\\\/08\\\/image_editor_output_image1591525166-17869670409403832266257514726539.jpg\",\"width\":479,\"height\":516},{\"@type\":\"BreadcrumbList\",\"@id\":\"https:\\\/\\\/dokreis.com\\\/index.php\\\/2026\\\/08\\\/17\\\/une-mission-internationale-de-haut-rang-sejourne-en-haiti\\\/#breadcrumb\",\"itemListElement\":[{\"@type\":\"ListItem\",\"position\":1,\"name\":\"Home\",\"item\":\"https:\\\/\\\/dokreis.com\\\/\"},{\"@type\":\"ListItem\",\"position\":2,\"name\":\"Une mission internationale de haut rang s\u00e9journe en Ha\u00efti\"}]},{\"@type\":\"WebSite\",\"@id\":\"https:\\\/\\\/dokreis.com\\\/#website\",\"url\":\"https:\\\/\\\/dokreis.com\\\/\",\"name\":\"\",\"description\":\"\",\"potentialAction\":[{\"@type\":\"SearchAction\",\"target\":{\"@type\":\"EntryPoint\",\"urlTemplate\":\"https:\\\/\\\/dokreis.com\\\/?s={search_term_string}\"},\"query-input\":{\"@type\":\"PropertyValueSpecification\",\"valueRequired\":true,\"valueName\":\"search_term_string\"}}],\"inLanguage\":\"en-US\"},{\"@type\":\"Person\",\"@id\":\"https:\\\/\\\/dokreis.com\\\/#\\\/schema\\\/person\\\/a36453d4f9d7882557ee4e1102935807\",\"name\":\"admin\",\"image\":{\"@type\":\"ImageObject\",\"inLanguage\":\"en-US\",\"@id\":\"https:\\\/\\\/secure.gravatar.com\\\/avatar\\\/a6a2e15c16aa0e4722917f31a38747f5c49b45fd66aafa1dc1cf7f609abeaa58?s=96&d=mm&r=g\",\"url\":\"https:\\\/\\\/secure.gravatar.com\\\/avatar\\\/a6a2e15c16aa0e4722917f31a38747f5c49b45fd66aafa1dc1cf7f609abeaa58?s=96&d=mm&r=g\",\"contentUrl\":\"https:\\\/\\\/secure.gravatar.com\\\/avatar\\\/a6a2e15c16aa0e4722917f31a38747f5c49b45fd66aafa1dc1cf7f609abeaa58?s=96&d=mm&r=g\",\"caption\":\"admin\"},\"sameAs\":[\"https:\\\/\\\/dokreis.com\"],\"url\":\"https:\\\/\\\/dokreis.com\\\/index.php\\\/author\\\/admin\\\/\"}]}<\/script>\n<!-- \/ Yoast SEO plugin. -->","yoast_head_json":{"title":"Une mission internationale de haut rang s\u00e9journe en Ha\u00efti -","robots":{"index":"index","follow":"follow","max-snippet":"max-snippet:-1","max-image-preview":"max-image-preview:large","max-video-preview":"max-video-preview:-1"},"canonical":"https:\/\/dokreis.com\/index.php\/2026\/08\/17\/une-mission-internationale-de-haut-rang-sejourne-en-haiti\/","og_locale":"en_US","og_type":"article","og_title":"Une mission internationale de haut rang s\u00e9journe en Ha\u00efti -","og_description":"C&#8217;est le Secr\u00e9taire G\u00e9n\u00e9ral de de l&#8217;Organisation des Etats Am\u00e9ricains (OEA), Albert R. RAMDIN qui conduit la mission, pr\u00e9sente sur le Sol Ha\u0129tien depuis, dimanche, 16 ao\u00fbt 2026. Elle boucle son s\u00e9jour de trois (3) jours mercredi 19 ao\u00fbt. L&#8217;Extr\u00eame violence qui fait rage dans plusieurs r\u00e9gions du pays et les \u00e9lections figurent parmi les","og_url":"https:\/\/dokreis.com\/index.php\/2026\/08\/17\/une-mission-internationale-de-haut-rang-sejourne-en-haiti\/","article_published_time":"2026-08-17T11:44:19+00:00","article_modified_time":"2026-08-17T15:04:14+00:00","og_image":[{"width":479,"height":516,"url":"https:\/\/dokreis.com\/wp-content\/uploads\/2026\/08\/image_editor_output_image1591525166-17869670409403832266257514726539.jpg","type":"image\/jpeg"}],"author":"admin","twitter_card":"summary_large_image","twitter_misc":{"Written by":"admin","Est. reading time":"1 minute"},"schema":{"@context":"https:\/\/schema.org","@graph":[{"@type":"Article","@id":"https:\/\/dokreis.com\/index.php\/2026\/08\/17\/une-mission-internationale-de-haut-rang-sejourne-en-haiti\/#article","isPartOf":{"@id":"https:\/\/dokreis.com\/index.php\/2026\/08\/17\/une-mission-internationale-de-haut-rang-sejourne-en-haiti\/"},"author":{"name":"admin","@id":"https:\/\/dokreis.com\/#\/schema\/person\/a36453d4f9d7882557ee4e1102935807"},"headline":"Une mission internationale de haut rang s\u00e9journe en Ha\u00efti","datePublished":"2026-08-17T11:44:19+00:00","dateModified":"2026-08-17T15:04:14+00:00","mainEntityOfPage":{"@id":"https:\/\/dokreis.com\/index.php\/2026\/08\/17\/une-mission-internationale-de-haut-rang-sejourne-en-haiti\/"},"wordCount":159,"commentCount":0,"image":{"@id":"https:\/\/dokreis.com\/index.php\/2026\/08\/17\/une-mission-internationale-de-haut-rang-sejourne-en-haiti\/#primaryimage"},"thumbnailUrl":"https:\/\/dokreis.com\/wp-content\/uploads\/2026\/08\/image_editor_output_image1591525166-17869670409403832266257514726539.jpg","inLanguage":"en-US","potentialAction":[{"@type":"CommentAction","name":"Comment","target":["https:\/\/dokreis.com\/index.php\/2026\/08\/17\/une-mission-internationale-de-haut-rang-sejourne-en-haiti\/#respond"]}]},{"@type":"WebPage","@id":"https:\/\/dokreis.com\/index.php\/2026\/08\/17\/une-mission-internationale-de-haut-rang-sejourne-en-haiti\/","url":"https:\/\/dokreis.com\/index.php\/2026\/08\/17\/une-mission-internationale-de-haut-rang-sejourne-en-haiti\/","name":"Une mission internationale de haut rang s\u00e9journe en Ha\u00efti -","isPartOf":{"@id":"https:\/\/dokreis.com\/#website"},"primaryImageOfPage":{"@id":"https:\/\/dokreis.com\/index.php\/2026\/08\/17\/une-mission-internationale-de-haut-rang-sejourne-en-haiti\/#primaryimage"},"image":{"@id":"https:\/\/dokreis.com\/index.php\/2026\/08\/17\/une-mission-internationale-de-haut-rang-sejourne-en-haiti\/#primaryimage"},"thumbnailUrl":"https:\/\/dokreis.com\/wp-content\/uploads\/2026\/08\/image_editor_output_image1591525166-17869670409403832266257514726539.jpg","datePublished":"2026-08-17T11:44:19+00:00","dateModified":"2026-08-17T15:04:14+00:00","author":{"@id":"https:\/\/dokreis.com\/#\/schema\/person\/a36453d4f9d7882557ee4e1102935807"},"breadcrumb":{"@id":"https:\/\/dokreis.com\/index.php\/2026\/08\/17\/une-mission-internationale-de-haut-rang-sejourne-en-haiti\/#breadcrumb"},"inLanguage":"en-US","potentialAction":[{"@type":"ReadAction","target":["https:\/\/dokreis.com\/index.php\/2026\/08\/17\/une-mission-internationale-de-haut-rang-sejourne-en-haiti\/"]}]},{"@type":"ImageObject","inLanguage":"en-US","@id":"https:\/\/dokreis.com\/index.php\/2026\/08\/17\/une-mission-internationale-de-haut-rang-sejourne-en-haiti\/#primaryimage","url":"https:\/\/dokreis.com\/wp-content\/uploads\/2026\/08\/image_editor_output_image1591525166-17869670409403832266257514726539.jpg","contentUrl":"https:\/\/dokreis.com\/wp-content\/uploads\/2026\/08\/image_editor_output_image1591525166-17869670409403832266257514726539.jpg","width":479,"height":516},{"@type":"BreadcrumbList","@id":"https:\/\/dokreis.com\/index.php\/2026\/08\/17\/une-mission-internationale-de-haut-rang-sejourne-en-haiti\/#breadcrumb","itemListElement":[{"@type":"ListItem","position":1,"name":"Home","item":"https:\/\/dokreis.com\/"},{"@type":"ListItem","position":2,"name":"Une mission internationale de haut rang s\u00e9journe en Ha\u00efti"}]},{"@type":"WebSite","@id":"https:\/\/dokreis.com\/#website","url":"https:\/\/dokreis.com\/","name":"","description":"","potentialAction":[{"@type":"SearchAction","target":{"@type":"EntryPoint","urlTemplate":"https:\/\/dokreis.com\/?s={search_term_string}"},"query-input":{"@type":"PropertyValueSpecification","valueRequired":true,"valueName":"search_term_string"}}],"inLanguage":"en-US"},{"@type":"Person","@id":"https:\/\/dokreis.com\/#\/schema\/person\/a36453d4f9d7882557ee4e1102935807","name":"admin","image":{"@type":"ImageObject","inLanguage":"en-US","@id":"https:\/\/secure.gravatar.com\/avatar\/a6a2e15c16aa0e4722917f31a38747f5c49b45fd66aafa1dc1cf7f609abeaa58?s=96&d=mm&r=g","url":"https:\/\/secure.gravatar.com\/avatar\/a6a2e15c16aa0e4722917f31a38747f5c49b45fd66aafa1dc1cf7f609abeaa58?s=96&d=mm&r=g","contentUrl":"https:\/\/secure.gravatar.com\/avatar\/a6a2e15c16aa0e4722917f31a38747f5c49b45fd66aafa1dc1cf7f609abeaa58?s=96&d=mm&r=g","caption":"admin"},"sameAs":["https:\/\/dokreis.com"],"url":"https:\/\/dokreis.com\/index.php\/author\/admin\/"}]}},"jetpack_publicize_connections":[],"jetpack_featured_media_url":"https:\/\/dokreis.com\/wp-content\/uploads\/2026\/08\/image_editor_output_image1591525166-17869670409403832266257514726539.jpg","jetpack_sharing_enabled":true,"_links":{"self":[{"href":"https:\/\/dokreis.com\/index.php\/wp-json\/wp\/v2\/posts\/35","targetHints":{"allow":["GET"]}}],"collection":[{"href":"https:\/\/dokreis.com\/index.php\/wp-json\/wp\/v2\/posts"}],"about":[{"href":"https:\/\/dokreis.com\/index.php\/wp-json\/wp\/v2\/types\/post"}],"author":[{"embeddable":true,"href":"https:\/\/dokreis.com\/index.php\/wp-json\/wp\/v2\/users\/1"}],"replies":[{"embeddable":true,"href":"https:\/\/dokreis.com\/index.php\/wp-json\/wp\/v2\/comments?post=35"}],"version-history":[{"count":4,"href":"https:\/\/dokreis.com\/index.php\/wp-json\/wp\/v2\/posts\/35\/revisions"}],"predecessor-version":[{"id":42,"href":"https:\/\/dokreis.com\/index.php\/wp-json\/wp\/v2\/posts\/35\/revisions\/42"}],"wp:featuredmedia":[{"embeddable":true,"href":"https:\/\/dokreis.com\/index.php\/wp-json\/wp\/v2\/media\/34"}],"wp:attachment":[{"href":"https:\/\/dokreis.com\/index.php\/wp-json\/wp\/v2\/media?parent=35"}],"wp:term":[{"taxonomy":"category","embeddable":true,"href":"https:\/\/dokreis.com\/index.php\/wp-json\/wp\/v2\/categories?post=35"},{"taxonomy":"post_tag","embeddable":true,"href":"https:\/\/dokreis.com\/index.php\/wp-json\/wp\/v2\/tags?post=35"}],"curies":[{"name":"wp","href":"https:\/\/api.w.org\/{rel}","templated":true}]}}