{"id":32,"date":"2026-07-28T00:08:21","date_gmt":"2026-07-28T00:08:21","guid":{"rendered":"https:\/\/dokreis.com\/index.php\/2026\/07\/28\/quand-leau-traitee-maltraite-le-gouvernement-cpt-primature-se-lave-les-mains\/"},"modified":"2026-07-28T00:08:21","modified_gmt":"2026-07-28T00:08:21","slug":"quand-leau-traitee-maltraite-le-gouvernement-cpt-primature-se-lave-les-mains","status":"publish","type":"post","link":"https:\/\/dokreis.com\/index.php\/2026\/07\/28\/quand-leau-traitee-maltraite-le-gouvernement-cpt-primature-se-lave-les-mains\/","title":{"rendered":"Quand &#8220;l&#8217;Eau Trait\u00e9e&#8221; maltraite, le Gouvernement CPT-Primature se lave les mains"},"content":{"rendered":"\n<p class=\"wp-block-paragraph\">&#8220;Plus de 92% de l&#8217;eau dite trait\u00e9e, (vendue en sachet, bonbonne ou station de traitement) dans l&#8217;aire m\u00e9tropolitaine de Port-au-Prince, ne respecte pas les normes de purification&#8221;. C&#8217;est en substance ce que r\u00e9v\u00e8le James MONAZARD, Ministre du Commerce et d&#8217;Industrie (MCI). Derri\u00e8re cette v\u00e9rit\u00e9 cruelle et crue confi\u00e9e, se cache une menace potentielle pour la sant\u00e9 publique. Du m\u00eame coup, elle r\u00e9v\u00e8le le comportement &#8220;Je m&#8217;enfourtiste&#8221; qu&#8217;affichent les co\u00e9quipiers de MONAZARD au sein du gouvernement de transition, en instance de d\u00e9part\u2026<\/p>\n\n\n\n<figure class=\"wp-block-image size-large\"><img width=\"477\" height=\"243\"  alt=\"\" class=\"wp-image-31\"\/ loading=\"eager\" fetchpriority=\"high\" decoding=\"async\" src=\"https:\/\/dokreis.com\/wp-content\/uploads\/2026\/07\/screenshot_20260727-200611_whatsappbusiness1247190121120519174-1.jpg\" srcset=\"https:\/\/dokreis.com\/wp-content\/uploads\/2026\/07\/screenshot_20260727-200611_whatsappbusiness1247190121120519174-1.jpg 477w, https:\/\/dokreis.com\/wp-content\/uploads\/2026\/07\/screenshot_20260727-200611_whatsappbusiness1247190121120519174-1-300x153.jpg 300w\" sizes=\"(max-width: 477px) 100vw, 477px\" \/><\/figure>\n\n\n\n<p class=\"wp-block-paragraph\"><br>Le danger aux portes, James MONASART se lave les mains sans \u00e9num\u00e9rer les mesures concr\u00e8tes de redressement prises.<br>Voil\u00e0 une preuve de plus ou de trop du m\u00e9pris des autorit\u00e9s en place pour le respect des droits des consommateurs.<br>Eternelles victimes, les consommateurs perplexes se demandent: &#8220;quelle main secourable viendra finalement fermer la vanne?<\/p>\n\n\n\n<p class=\"wp-block-paragraph\">Evens NELSON<\/p>\n\n\n\n<p class=\"wp-block-paragraph\"><\/p>\n","protected":false},"excerpt":{"rendered":"<p>&#8220;Plus de 92% de l&#8217;eau dite trait\u00e9e, (vendue en sachet, bonbonne ou station de traitement) dans l&#8217;aire m\u00e9tropolitaine de Port-au-Prince, ne respecte pas les normes de purification&#8221;. C&#8217;est en substance ce que r\u00e9v\u00e8le James MONAZARD, Ministre du Commerce et d&#8217;Industrie (MCI). Derri\u00e8re cette v\u00e9rit\u00e9 cruelle et crue confi\u00e9e, se cache une menace potentielle pour la<\/p>\n","protected":false},"author":1,"featured_media":31,"comment_status":"open","ping_status":"open","sticky":false,"template":"","format":"standard","meta":{"_acf_changed":false,"_jetpack_newsletter_access":"","_jetpack_dont_email_post_to_subs":false,"_jetpack_newsletter_tier_id":0,"_jetpack_memberships_contains_paywalled_content":false,"_jetpack_feature_clip_id":0,"_jetpack_memberships_contains_paid_content":false,"footnotes":"","jetpack_publicize_message":"","jetpack_publicize_feature_enabled":true,"jetpack_social_post_already_shared":true,"jetpack_social_options":{"image_generator_settings":{"template":"highway","default_image_id":0,"font":"","enabled":false},"version":2},"jetpack_post_was_ever_published":false},"categories":[11],"tags":[],"class_list":["post-32","post","type-post","status-publish","format-standard","has-post-thumbnail","hentry","category-societe"],"acf":[],"yoast_head":"<!-- This site is optimized with the Yoast SEO plugin v28.4 - https:\/\/yoast.com\/product\/yoast-seo-wordpress\/ -->\n<title>Quand &quot;l&#039;Eau Trait\u00e9e&quot; maltraite, le Gouvernement CPT-Primature se lave les mains -<\/title>\n<meta name=\"robots\" content=\"index, follow, max-snippet:-1, max-image-preview:large, max-video-preview:-1\" \/>\n<link rel=\"canonical\" href=\"https:\/\/dokreis.com\/index.php\/2026\/07\/28\/quand-leau-traitee-maltraite-le-gouvernement-cpt-primature-se-lave-les-mains\/\" \/>\n<meta property=\"og:locale\" content=\"en_US\" \/>\n<meta property=\"og:type\" content=\"article\" \/>\n<meta property=\"og:title\" content=\"Quand &quot;l&#039;Eau Trait\u00e9e&quot; maltraite, le Gouvernement CPT-Primature se lave les mains -\" \/>\n<meta property=\"og:description\" content=\"&#8220;Plus de 92% de l&#8217;eau dite trait\u00e9e, (vendue en sachet, bonbonne ou station de traitement) dans l&#8217;aire m\u00e9tropolitaine de Port-au-Prince, ne respecte pas les normes de purification&#8221;. C&#8217;est en substance ce que r\u00e9v\u00e8le James MONAZARD, Ministre du Commerce et d&#8217;Industrie (MCI). Derri\u00e8re cette v\u00e9rit\u00e9 cruelle et crue confi\u00e9e, se cache une menace potentielle pour la\" \/>\n<meta property=\"og:url\" content=\"https:\/\/dokreis.com\/index.php\/2026\/07\/28\/quand-leau-traitee-maltraite-le-gouvernement-cpt-primature-se-lave-les-mains\/\" \/>\n<meta property=\"article:published_time\" content=\"2026-07-28T00:08:21+00:00\" \/>\n<meta property=\"og:image\" content=\"https:\/\/dokreis.com\/wp-content\/uploads\/2026\/07\/screenshot_20260727-200611_whatsappbusiness1247190121120519174-1.jpg\" \/>\n\t<meta property=\"og:image:width\" content=\"477\" \/>\n\t<meta property=\"og:image:height\" content=\"243\" \/>\n\t<meta property=\"og:image:type\" content=\"image\/jpeg\" \/>\n<meta name=\"author\" content=\"admin\" \/>\n<meta name=\"twitter:card\" content=\"summary_large_image\" \/>\n<meta name=\"twitter:label1\" content=\"Written by\" \/>\n\t<meta name=\"twitter:data1\" content=\"admin\" \/>\n\t<meta name=\"twitter:label2\" content=\"Est. reading time\" \/>\n\t<meta name=\"twitter:data2\" content=\"1 minute\" \/>\n<script type=\"application\/ld+json\" class=\"yoast-schema-graph\">{\"@context\":\"https:\\\/\\\/schema.org\",\"@graph\":[{\"@type\":\"Article\",\"@id\":\"https:\\\/\\\/dokreis.com\\\/index.php\\\/2026\\\/07\\\/28\\\/quand-leau-traitee-maltraite-le-gouvernement-cpt-primature-se-lave-les-mains\\\/#article\",\"isPartOf\":{\"@id\":\"https:\\\/\\\/dokreis.com\\\/index.php\\\/2026\\\/07\\\/28\\\/quand-leau-traitee-maltraite-le-gouvernement-cpt-primature-se-lave-les-mains\\\/\"},\"author\":{\"name\":\"admin\",\"@id\":\"https:\\\/\\\/dokreis.com\\\/#\\\/schema\\\/person\\\/a36453d4f9d7882557ee4e1102935807\"},\"headline\":\"Quand &#8220;l&#8217;Eau Trait\u00e9e&#8221; maltraite, le Gouvernement CPT-Primature se lave les mains\",\"datePublished\":\"2026-07-28T00:08:21+00:00\",\"mainEntityOfPage\":{\"@id\":\"https:\\\/\\\/dokreis.com\\\/index.php\\\/2026\\\/07\\\/28\\\/quand-leau-traitee-maltraite-le-gouvernement-cpt-primature-se-lave-les-mains\\\/\"},\"wordCount\":171,\"commentCount\":0,\"image\":{\"@id\":\"https:\\\/\\\/dokreis.com\\\/index.php\\\/2026\\\/07\\\/28\\\/quand-leau-traitee-maltraite-le-gouvernement-cpt-primature-se-lave-les-mains\\\/#primaryimage\"},\"thumbnailUrl\":\"https:\\\/\\\/dokreis.com\\\/wp-content\\\/uploads\\\/2026\\\/07\\\/screenshot_20260727-200611_whatsappbusiness1247190121120519174-1.jpg\",\"articleSection\":[\"Soci\u00e9t\u00e9\"],\"inLanguage\":\"en-US\",\"potentialAction\":[{\"@type\":\"CommentAction\",\"name\":\"Comment\",\"target\":[\"https:\\\/\\\/dokreis.com\\\/index.php\\\/2026\\\/07\\\/28\\\/quand-leau-traitee-maltraite-le-gouvernement-cpt-primature-se-lave-les-mains\\\/#respond\"]}]},{\"@type\":\"WebPage\",\"@id\":\"https:\\\/\\\/dokreis.com\\\/index.php\\\/2026\\\/07\\\/28\\\/quand-leau-traitee-maltraite-le-gouvernement-cpt-primature-se-lave-les-mains\\\/\",\"url\":\"https:\\\/\\\/dokreis.com\\\/index.php\\\/2026\\\/07\\\/28\\\/quand-leau-traitee-maltraite-le-gouvernement-cpt-primature-se-lave-les-mains\\\/\",\"name\":\"Quand \\\"l'Eau Trait\u00e9e\\\" maltraite, le Gouvernement CPT-Primature se lave les mains -\",\"isPartOf\":{\"@id\":\"https:\\\/\\\/dokreis.com\\\/#website\"},\"primaryImageOfPage\":{\"@id\":\"https:\\\/\\\/dokreis.com\\\/index.php\\\/2026\\\/07\\\/28\\\/quand-leau-traitee-maltraite-le-gouvernement-cpt-primature-se-lave-les-mains\\\/#primaryimage\"},\"image\":{\"@id\":\"https:\\\/\\\/dokreis.com\\\/index.php\\\/2026\\\/07\\\/28\\\/quand-leau-traitee-maltraite-le-gouvernement-cpt-primature-se-lave-les-mains\\\/#primaryimage\"},\"thumbnailUrl\":\"https:\\\/\\\/dokreis.com\\\/wp-content\\\/uploads\\\/2026\\\/07\\\/screenshot_20260727-200611_whatsappbusiness1247190121120519174-1.jpg\",\"datePublished\":\"2026-07-28T00:08:21+00:00\",\"author\":{\"@id\":\"https:\\\/\\\/dokreis.com\\\/#\\\/schema\\\/person\\\/a36453d4f9d7882557ee4e1102935807\"},\"breadcrumb\":{\"@id\":\"https:\\\/\\\/dokreis.com\\\/index.php\\\/2026\\\/07\\\/28\\\/quand-leau-traitee-maltraite-le-gouvernement-cpt-primature-se-lave-les-mains\\\/#breadcrumb\"},\"inLanguage\":\"en-US\",\"potentialAction\":[{\"@type\":\"ReadAction\",\"target\":[\"https:\\\/\\\/dokreis.com\\\/index.php\\\/2026\\\/07\\\/28\\\/quand-leau-traitee-maltraite-le-gouvernement-cpt-primature-se-lave-les-mains\\\/\"]}]},{\"@type\":\"ImageObject\",\"inLanguage\":\"en-US\",\"@id\":\"https:\\\/\\\/dokreis.com\\\/index.php\\\/2026\\\/07\\\/28\\\/quand-leau-traitee-maltraite-le-gouvernement-cpt-primature-se-lave-les-mains\\\/#primaryimage\",\"url\":\"https:\\\/\\\/dokreis.com\\\/wp-content\\\/uploads\\\/2026\\\/07\\\/screenshot_20260727-200611_whatsappbusiness1247190121120519174-1.jpg\",\"contentUrl\":\"https:\\\/\\\/dokreis.com\\\/wp-content\\\/uploads\\\/2026\\\/07\\\/screenshot_20260727-200611_whatsappbusiness1247190121120519174-1.jpg\",\"width\":477,\"height\":243},{\"@type\":\"BreadcrumbList\",\"@id\":\"https:\\\/\\\/dokreis.com\\\/index.php\\\/2026\\\/07\\\/28\\\/quand-leau-traitee-maltraite-le-gouvernement-cpt-primature-se-lave-les-mains\\\/#breadcrumb\",\"itemListElement\":[{\"@type\":\"ListItem\",\"position\":1,\"name\":\"Home\",\"item\":\"https:\\\/\\\/dokreis.com\\\/\"},{\"@type\":\"ListItem\",\"position\":2,\"name\":\"Quand &#8220;l&#8217;Eau Trait\u00e9e&#8221; maltraite, le Gouvernement CPT-Primature se lave les mains\"}]},{\"@type\":\"WebSite\",\"@id\":\"https:\\\/\\\/dokreis.com\\\/#website\",\"url\":\"https:\\\/\\\/dokreis.com\\\/\",\"name\":\"\",\"description\":\"\",\"potentialAction\":[{\"@type\":\"SearchAction\",\"target\":{\"@type\":\"EntryPoint\",\"urlTemplate\":\"https:\\\/\\\/dokreis.com\\\/?s={search_term_string}\"},\"query-input\":{\"@type\":\"PropertyValueSpecification\",\"valueRequired\":true,\"valueName\":\"search_term_string\"}}],\"inLanguage\":\"en-US\"},{\"@type\":\"Person\",\"@id\":\"https:\\\/\\\/dokreis.com\\\/#\\\/schema\\\/person\\\/a36453d4f9d7882557ee4e1102935807\",\"name\":\"admin\",\"image\":{\"@type\":\"ImageObject\",\"inLanguage\":\"en-US\",\"@id\":\"https:\\\/\\\/secure.gravatar.com\\\/avatar\\\/a6a2e15c16aa0e4722917f31a38747f5c49b45fd66aafa1dc1cf7f609abeaa58?s=96&d=mm&r=g\",\"url\":\"https:\\\/\\\/secure.gravatar.com\\\/avatar\\\/a6a2e15c16aa0e4722917f31a38747f5c49b45fd66aafa1dc1cf7f609abeaa58?s=96&d=mm&r=g\",\"contentUrl\":\"https:\\\/\\\/secure.gravatar.com\\\/avatar\\\/a6a2e15c16aa0e4722917f31a38747f5c49b45fd66aafa1dc1cf7f609abeaa58?s=96&d=mm&r=g\",\"caption\":\"admin\"},\"sameAs\":[\"https:\\\/\\\/dokreis.com\"],\"url\":\"https:\\\/\\\/dokreis.com\\\/index.php\\\/author\\\/admin\\\/\"}]}<\/script>\n<!-- \/ Yoast SEO plugin. -->","yoast_head_json":{"title":"Quand \"l'Eau Trait\u00e9e\" maltraite, le Gouvernement CPT-Primature se lave les mains -","robots":{"index":"index","follow":"follow","max-snippet":"max-snippet:-1","max-image-preview":"max-image-preview:large","max-video-preview":"max-video-preview:-1"},"canonical":"https:\/\/dokreis.com\/index.php\/2026\/07\/28\/quand-leau-traitee-maltraite-le-gouvernement-cpt-primature-se-lave-les-mains\/","og_locale":"en_US","og_type":"article","og_title":"Quand \"l'Eau Trait\u00e9e\" maltraite, le Gouvernement CPT-Primature se lave les mains -","og_description":"&#8220;Plus de 92% de l&#8217;eau dite trait\u00e9e, (vendue en sachet, bonbonne ou station de traitement) dans l&#8217;aire m\u00e9tropolitaine de Port-au-Prince, ne respecte pas les normes de purification&#8221;. C&#8217;est en substance ce que r\u00e9v\u00e8le James MONAZARD, Ministre du Commerce et d&#8217;Industrie (MCI). Derri\u00e8re cette v\u00e9rit\u00e9 cruelle et crue confi\u00e9e, se cache une menace potentielle pour la","og_url":"https:\/\/dokreis.com\/index.php\/2026\/07\/28\/quand-leau-traitee-maltraite-le-gouvernement-cpt-primature-se-lave-les-mains\/","article_published_time":"2026-07-28T00:08:21+00:00","og_image":[{"width":477,"height":243,"url":"https:\/\/dokreis.com\/wp-content\/uploads\/2026\/07\/screenshot_20260727-200611_whatsappbusiness1247190121120519174-1.jpg","type":"image\/jpeg"}],"author":"admin","twitter_card":"summary_large_image","twitter_misc":{"Written by":"admin","Est. reading time":"1 minute"},"schema":{"@context":"https:\/\/schema.org","@graph":[{"@type":"Article","@id":"https:\/\/dokreis.com\/index.php\/2026\/07\/28\/quand-leau-traitee-maltraite-le-gouvernement-cpt-primature-se-lave-les-mains\/#article","isPartOf":{"@id":"https:\/\/dokreis.com\/index.php\/2026\/07\/28\/quand-leau-traitee-maltraite-le-gouvernement-cpt-primature-se-lave-les-mains\/"},"author":{"name":"admin","@id":"https:\/\/dokreis.com\/#\/schema\/person\/a36453d4f9d7882557ee4e1102935807"},"headline":"Quand &#8220;l&#8217;Eau Trait\u00e9e&#8221; maltraite, le Gouvernement CPT-Primature se lave les mains","datePublished":"2026-07-28T00:08:21+00:00","mainEntityOfPage":{"@id":"https:\/\/dokreis.com\/index.php\/2026\/07\/28\/quand-leau-traitee-maltraite-le-gouvernement-cpt-primature-se-lave-les-mains\/"},"wordCount":171,"commentCount":0,"image":{"@id":"https:\/\/dokreis.com\/index.php\/2026\/07\/28\/quand-leau-traitee-maltraite-le-gouvernement-cpt-primature-se-lave-les-mains\/#primaryimage"},"thumbnailUrl":"https:\/\/dokreis.com\/wp-content\/uploads\/2026\/07\/screenshot_20260727-200611_whatsappbusiness1247190121120519174-1.jpg","articleSection":["Soci\u00e9t\u00e9"],"inLanguage":"en-US","potentialAction":[{"@type":"CommentAction","name":"Comment","target":["https:\/\/dokreis.com\/index.php\/2026\/07\/28\/quand-leau-traitee-maltraite-le-gouvernement-cpt-primature-se-lave-les-mains\/#respond"]}]},{"@type":"WebPage","@id":"https:\/\/dokreis.com\/index.php\/2026\/07\/28\/quand-leau-traitee-maltraite-le-gouvernement-cpt-primature-se-lave-les-mains\/","url":"https:\/\/dokreis.com\/index.php\/2026\/07\/28\/quand-leau-traitee-maltraite-le-gouvernement-cpt-primature-se-lave-les-mains\/","name":"Quand \"l'Eau Trait\u00e9e\" maltraite, le Gouvernement CPT-Primature se lave les mains -","isPartOf":{"@id":"https:\/\/dokreis.com\/#website"},"primaryImageOfPage":{"@id":"https:\/\/dokreis.com\/index.php\/2026\/07\/28\/quand-leau-traitee-maltraite-le-gouvernement-cpt-primature-se-lave-les-mains\/#primaryimage"},"image":{"@id":"https:\/\/dokreis.com\/index.php\/2026\/07\/28\/quand-leau-traitee-maltraite-le-gouvernement-cpt-primature-se-lave-les-mains\/#primaryimage"},"thumbnailUrl":"https:\/\/dokreis.com\/wp-content\/uploads\/2026\/07\/screenshot_20260727-200611_whatsappbusiness1247190121120519174-1.jpg","datePublished":"2026-07-28T00:08:21+00:00","author":{"@id":"https:\/\/dokreis.com\/#\/schema\/person\/a36453d4f9d7882557ee4e1102935807"},"breadcrumb":{"@id":"https:\/\/dokreis.com\/index.php\/2026\/07\/28\/quand-leau-traitee-maltraite-le-gouvernement-cpt-primature-se-lave-les-mains\/#breadcrumb"},"inLanguage":"en-US","potentialAction":[{"@type":"ReadAction","target":["https:\/\/dokreis.com\/index.php\/2026\/07\/28\/quand-leau-traitee-maltraite-le-gouvernement-cpt-primature-se-lave-les-mains\/"]}]},{"@type":"ImageObject","inLanguage":"en-US","@id":"https:\/\/dokreis.com\/index.php\/2026\/07\/28\/quand-leau-traitee-maltraite-le-gouvernement-cpt-primature-se-lave-les-mains\/#primaryimage","url":"https:\/\/dokreis.com\/wp-content\/uploads\/2026\/07\/screenshot_20260727-200611_whatsappbusiness1247190121120519174-1.jpg","contentUrl":"https:\/\/dokreis.com\/wp-content\/uploads\/2026\/07\/screenshot_20260727-200611_whatsappbusiness1247190121120519174-1.jpg","width":477,"height":243},{"@type":"BreadcrumbList","@id":"https:\/\/dokreis.com\/index.php\/2026\/07\/28\/quand-leau-traitee-maltraite-le-gouvernement-cpt-primature-se-lave-les-mains\/#breadcrumb","itemListElement":[{"@type":"ListItem","position":1,"name":"Home","item":"https:\/\/dokreis.com\/"},{"@type":"ListItem","position":2,"name":"Quand &#8220;l&#8217;Eau Trait\u00e9e&#8221; maltraite, le Gouvernement CPT-Primature se lave les mains"}]},{"@type":"WebSite","@id":"https:\/\/dokreis.com\/#website","url":"https:\/\/dokreis.com\/","name":"","description":"","potentialAction":[{"@type":"SearchAction","target":{"@type":"EntryPoint","urlTemplate":"https:\/\/dokreis.com\/?s={search_term_string}"},"query-input":{"@type":"PropertyValueSpecification","valueRequired":true,"valueName":"search_term_string"}}],"inLanguage":"en-US"},{"@type":"Person","@id":"https:\/\/dokreis.com\/#\/schema\/person\/a36453d4f9d7882557ee4e1102935807","name":"admin","image":{"@type":"ImageObject","inLanguage":"en-US","@id":"https:\/\/secure.gravatar.com\/avatar\/a6a2e15c16aa0e4722917f31a38747f5c49b45fd66aafa1dc1cf7f609abeaa58?s=96&d=mm&r=g","url":"https:\/\/secure.gravatar.com\/avatar\/a6a2e15c16aa0e4722917f31a38747f5c49b45fd66aafa1dc1cf7f609abeaa58?s=96&d=mm&r=g","contentUrl":"https:\/\/secure.gravatar.com\/avatar\/a6a2e15c16aa0e4722917f31a38747f5c49b45fd66aafa1dc1cf7f609abeaa58?s=96&d=mm&r=g","caption":"admin"},"sameAs":["https:\/\/dokreis.com"],"url":"https:\/\/dokreis.com\/index.php\/author\/admin\/"}]}},"jetpack_publicize_connections":[],"jetpack_featured_media_url":"https:\/\/dokreis.com\/wp-content\/uploads\/2026\/07\/screenshot_20260727-200611_whatsappbusiness1247190121120519174-1.jpg","jetpack_sharing_enabled":true,"_links":{"self":[{"href":"https:\/\/dokreis.com\/index.php\/wp-json\/wp\/v2\/posts\/32","targetHints":{"allow":["GET"]}}],"collection":[{"href":"https:\/\/dokreis.com\/index.php\/wp-json\/wp\/v2\/posts"}],"about":[{"href":"https:\/\/dokreis.com\/index.php\/wp-json\/wp\/v2\/types\/post"}],"author":[{"embeddable":true,"href":"https:\/\/dokreis.com\/index.php\/wp-json\/wp\/v2\/users\/1"}],"replies":[{"embeddable":true,"href":"https:\/\/dokreis.com\/index.php\/wp-json\/wp\/v2\/comments?post=32"}],"version-history":[{"count":0,"href":"https:\/\/dokreis.com\/index.php\/wp-json\/wp\/v2\/posts\/32\/revisions"}],"wp:featuredmedia":[{"embeddable":true,"href":"https:\/\/dokreis.com\/index.php\/wp-json\/wp\/v2\/media\/31"}],"wp:attachment":[{"href":"https:\/\/dokreis.com\/index.php\/wp-json\/wp\/v2\/media?parent=32"}],"wp:term":[{"taxonomy":"category","embeddable":true,"href":"https:\/\/dokreis.com\/index.php\/wp-json\/wp\/v2\/categories?post=32"},{"taxonomy":"post_tag","embeddable":true,"href":"https:\/\/dokreis.com\/index.php\/wp-json\/wp\/v2\/tags?post=32"}],"curies":[{"name":"wp","href":"https:\/\/api.w.org\/{rel}","templated":true}]}}